{"id":913,"date":"2021-03-03T10:59:17","date_gmt":"2021-03-03T13:59:17","guid":{"rendered":"http:\/\/www.doctorfernando.cl\/?p=913"},"modified":"2022-04-19T17:28:23","modified_gmt":"2022-04-19T21:28:23","slug":"vacuna-contra-el-covid-en-madres-que-amamantan","status":"publish","type":"post","link":"https:\/\/doctorfernando.cl\/index.php\/2021\/03\/03\/vacuna-contra-el-covid-en-madres-que-amamantan\/","title":{"rendered":"VACUNA CONTRA EL COVID EN MADRES QUE AMAMANTAN"},"content":{"rendered":"\n<p class=\"has-text-align-justify has-medium-font-size\">Los temores para vacunar contra el COVID-19 a una madre que amamanta se han ido minimizando con el correr de los meses. En el momento actual la OMS considera que la vacunaci\u00f3n para este acotado grupo de mujeres es de muy bajo riesgo.<\/p>\n\n\n\n<figure class=\"wp-block-image is-resized\"><img loading=\"lazy\" decoding=\"async\" src=\"https:\/\/i0.wp.com\/www.doctorfernando.cl\/wp-content\/uploads\/2021\/03\/madrescovid01.jpg?resize=333%2C219\" alt=\"Amamantar covid\" class=\"wp-image-914\" width=\"333\" height=\"219\" data-recalc-dims=\"1\" \/><\/figure>\n\n\n\n<p class=\"has-text-align-justify has-medium-font-size\">Hace s\u00f3lo seis meses, cuando empez\u00f3 la vacunaci\u00f3n masiva, no se recomendaba la vacunaci\u00f3n a las madres nodrizas fundamentalmente porque no hay ensayos cl\u00ednicos espec\u00edficos.<\/p>\n\n\n\n<p class=\"has-text-align-justify has-medium-font-size\">Los fabricantes de las vacunas, empresarios cautelosos, nunca han dicho que haga da\u00f1o. Solamente han se\u00f1alado que no hay evidencia cient\u00edfica que permita recomendarla a las madres nodrizas, si se sopesa los beneficios de no tener un Covid grave versus los riesgos de tener fiebre, mucho compromiso del estado general e inflamaci\u00f3n de los ganglios linf\u00e1ticos como principales consecuencias de la inoculaci\u00f3n.<\/p>\n\n\n\n<p class=\"has-text-align-justify has-medium-font-size\">En el lactante ni siquiera se ha demostrado que el virus Covid pand\u00e9mico llegue a la leche materna. M\u00e1s dif\u00edcilmente a\u00fan podr\u00edan hacerlo los componentes de la vacuna o los virus inactivados que se emplean para inmunizar.<\/p>\n\n\n\n<figure class=\"wp-block-image is-resized\"><img loading=\"lazy\" decoding=\"async\" src=\"https:\/\/i0.wp.com\/www.doctorfernando.cl\/wp-content\/uploads\/2021\/03\/madrescovid02.jpg?resize=282%2C240\" alt=\"\" class=\"wp-image-915\" width=\"282\" height=\"240\" data-recalc-dims=\"1\" \/><\/figure>\n\n\n\n<p class=\"has-text-align-justify has-medium-font-size\">Pese a lo anterior, el conocimiento ha ido avanzando cautelosamente y las recomendaciones actuales para las madres que amamantan son las siguientes:<\/p>\n\n\n\n<p class=\"has-text-align-justify has-medium-font-size\">1) Sopesar y advertir a estas madres sobre los beneficios de la vacunaci\u00f3n versus la incertidumbre de la inoculaci\u00f3n que mencionamos anteriormente.<\/p>\n\n\n\n<p class=\"has-text-align-justify has-medium-font-size\">2) Puede ofrecerse esta vacuna a mujeres que amamantan cuando corresponden a grupos de riesgo, como podr\u00edan ser profesoras, trabajadoras del sector salud, dependientes de locales que por su naturaleza no pueden tener aforos peque\u00f1os o a mujeres que padezcan alguna enfermedad cr\u00f3nica.<\/p>\n\n\n\n<p class=\"has-text-align-justify has-medium-font-size\">3) Aclarar que no hay ninguna raz\u00f3n para suspender la lactancia a una mujer vacunada.<\/p>\n\n\n\n<p class=\"has-text-align-justify has-medium-font-size\">4) Debe administrase 2 dosis de la misma marca, con un intervalo de 30 d\u00edas.<\/p>\n","protected":false},"excerpt":{"rendered":"<p>Los temores para vacunar contra el COVID-19 a una madre que amamanta se han ido minimizando con el correr de <\/p>\n<div class=\"read-more-text\"><a href=\"https:\/\/doctorfernando.cl\/index.php\/2021\/03\/03\/vacuna-contra-el-covid-en-madres-que-amamantan\/\" class=\"read-more\">Continuar leyendo<\/a><\/div>\n","protected":false},"author":1,"featured_media":0,"comment_status":"closed","ping_status":"closed","sticky":true,"template":"","format":"standard","meta":{"footnotes":""},"categories":[1],"tags":[],"class_list":["post-913","post","type-post","status-publish","format-standard","hentry","category-el-doctor-lo-dijo"],"jetpack_featured_media_url":"","_links":{"self":[{"href":"https:\/\/doctorfernando.cl\/index.php\/wp-json\/wp\/v2\/posts\/913","targetHints":{"allow":["GET"]}}],"collection":[{"href":"https:\/\/doctorfernando.cl\/index.php\/wp-json\/wp\/v2\/posts"}],"about":[{"href":"https:\/\/doctorfernando.cl\/index.php\/wp-json\/wp\/v2\/types\/post"}],"author":[{"embeddable":true,"href":"https:\/\/doctorfernando.cl\/index.php\/wp-json\/wp\/v2\/users\/1"}],"replies":[{"embeddable":true,"href":"https:\/\/doctorfernando.cl\/index.php\/wp-json\/wp\/v2\/comments?post=913"}],"version-history":[{"count":45,"href":"https:\/\/doctorfernando.cl\/index.php\/wp-json\/wp\/v2\/posts\/913\/revisions"}],"predecessor-version":[{"id":3199,"href":"https:\/\/doctorfernando.cl\/index.php\/wp-json\/wp\/v2\/posts\/913\/revisions\/3199"}],"wp:attachment":[{"href":"https:\/\/doctorfernando.cl\/index.php\/wp-json\/wp\/v2\/media?parent=913"}],"wp:term":[{"taxonomy":"category","embeddable":true,"href":"https:\/\/doctorfernando.cl\/index.php\/wp-json\/wp\/v2\/categories?post=913"},{"taxonomy":"post_tag","embeddable":true,"href":"https:\/\/doctorfernando.cl\/index.php\/wp-json\/wp\/v2\/tags?post=913"}],"curies":[{"name":"wp","href":"https:\/\/api.w.org\/{rel}","templated":true}]}}