{"id":901,"date":"2020-11-27T00:42:24","date_gmt":"2020-11-27T03:42:24","guid":{"rendered":"http:\/\/www.doctorfernando.cl\/?p=901"},"modified":"2022-04-19T17:31:57","modified_gmt":"2022-04-19T21:31:57","slug":"dermatitis-seborroide","status":"publish","type":"post","link":"https:\/\/doctorfernando.cl\/index.php\/2020\/11\/27\/dermatitis-seborroide\/","title":{"rendered":"DERMATITIS SEBORROIDE"},"content":{"rendered":"\n<p class=\"has-text-align-justify has-medium-font-size\">La dermatitis seborroide es una erupci\u00f3n cut\u00e1nea del reci\u00e9n nacido y lactantes peque\u00f1os que se presenta preferentemente en el cuero cabelludo, frente y mejillas. Algunas veces las lesiones se extienden a los pliegues y el tronco.<br>Se trata de placas eritematosas con puntitos amarillentos tipo espinilla, secundarias a la sobre estimulaci\u00f3n de las gl\u00e1ndulas seb\u00e1ceas, los organelos que desembocan en la base del cabello, encargados de producir el sebo cut\u00e1neo.<\/p>\n\n\n\n<div class=\"wp-block-image\"><figure class=\"aligncenter is-resized\"><img loading=\"lazy\" decoding=\"async\" src=\"https:\/\/i0.wp.com\/www.doctorfernando.cl\/wp-content\/uploads\/2020\/11\/DERMATITIS_SEBORROIDE01.jpg?resize=340%2C226\" alt=\"\" class=\"wp-image-904\" width=\"340\" height=\"226\" data-recalc-dims=\"1\" \/><\/figure><\/div>\n\n\n\n<p class=\"has-text-align-justify has-black-color has-text-color has-medium-font-size\">Luego de unos d\u00edas las lesiones se cubren de una costra blanquecina. De ah\u00ed viene el nombre de \u201ccostra de leche\u201d, como se denomina a la dermatitis seborroide del cuero cabelludo.<\/p>\n\n\n\n<div class=\"wp-block-image\"><figure class=\"aligncenter is-resized\"><img loading=\"lazy\" decoding=\"async\" src=\"https:\/\/i0.wp.com\/www.doctorfernando.cl\/wp-content\/uploads\/2020\/11\/DERMATITIS_SEBORROIDE02.jpg?resize=343%2C228\" alt=\"\" class=\"wp-image-903\" width=\"343\" height=\"228\" data-recalc-dims=\"1\" \/><\/figure><\/div>\n\n\n\n<p class=\"has-text-align-justify has-medium-font-size\">El origen de la afecci\u00f3n es multifactorial. Casi siempre est\u00e1n presente la sobre estimulaci\u00f3n de las gl\u00e1ndulas seb\u00e1ceas por hormonas esteroidales y una infecci\u00f3n por algunos hongos y m\u00e1s raramente estafilococos.<br>La estimulaci\u00f3n hormonal est\u00e1 suficientemente documentada. En el reci\u00e9n nacido se debe a esteroides de la gestante, que llegan al beb\u00e9 en las \u00faltimas semanas del embarazo y con el amamantamiento. En estos casos se produce una verdadera \u201ccrisis genital del reci\u00e9n nacido\u201d que se caracteriza por hiperpigmentaci\u00f3n de los genitales, tumefacci\u00f3n mamaria y secreci\u00f3n vaginal mucoide o hemorr\u00e1gica.<br>Con la llegada de la pubertad los esteroides gonadales desencadenan el acn\u00e9 juvenil, que es otra forma de dermatitis seborroide.<\/p>\n\n\n\n<div class=\"wp-block-image\"><figure class=\"aligncenter\"><img decoding=\"async\" src=\"https:\/\/i0.wp.com\/www.doctorfernando.cl\/wp-content\/uploads\/2020\/11\/DERMATITIS_SEBORROIDE03-300x252.png?resize=300%2C252\" alt=\"\" class=\"wp-image-902\" data-recalc-dims=\"1\"\/><\/figure><\/div>\n\n\n\n<p class=\"has-text-align-justify has-medium-font-size\">La sobre infecci\u00f3n por levaduras y hongos explica el \u00e9xito que tienen los shampoos y cremas a base de anti f\u00fangicos.<br>El tratamiento se confunde en parte con el cuidado que debemos tener con la piel del lactante menor. La lubricaci\u00f3n de la piel es un factor ben\u00e9fico muy importante. Pese a lo anterior, estos ni\u00f1os deben ba\u00f1arse por per\u00edodos muy cortos, empleando jabones neutros, para evitar que las lesiones se maceren. En cambio, se benefician mucho con la aplicaci\u00f3n de aceites vegetales y cremas a base de urea, que producen una humectaci\u00f3n prolongada, disminuyendo la inflamaci\u00f3n y eritema. Siempre debe preferirse la ropa holgada, de algod\u00f3n. La ropa de nylon, que lamentablemente es cada vez m\u00e1s com\u00fan, agravan el cuadro. Si el pediatra encuentra signos compatibles con una sobre infecci\u00f3n usar\u00e1 una crema o shampoo espec\u00edfico. Algunas veces el profesional indicar\u00e1 cremas a base de cortisona, de baja penetraci\u00f3n.<\/p>\n\n\n\n<p><\/p>\n","protected":false},"excerpt":{"rendered":"<p>La dermatitis seborroide es una erupci\u00f3n cut\u00e1nea del reci\u00e9n nacido y lactantes peque\u00f1os que se presenta preferentemente en el cuero <\/p>\n<div class=\"read-more-text\"><a href=\"https:\/\/doctorfernando.cl\/index.php\/2020\/11\/27\/dermatitis-seborroide\/\" class=\"read-more\">Continuar leyendo<\/a><\/div>\n","protected":false},"author":1,"featured_media":0,"comment_status":"closed","ping_status":"closed","sticky":false,"template":"","format":"standard","meta":{"footnotes":""},"categories":[1],"tags":[],"class_list":["post-901","post","type-post","status-publish","format-standard","hentry","category-el-doctor-lo-dijo"],"jetpack_featured_media_url":"","_links":{"self":[{"href":"https:\/\/doctorfernando.cl\/index.php\/wp-json\/wp\/v2\/posts\/901","targetHints":{"allow":["GET"]}}],"collection":[{"href":"https:\/\/doctorfernando.cl\/index.php\/wp-json\/wp\/v2\/posts"}],"about":[{"href":"https:\/\/doctorfernando.cl\/index.php\/wp-json\/wp\/v2\/types\/post"}],"author":[{"embeddable":true,"href":"https:\/\/doctorfernando.cl\/index.php\/wp-json\/wp\/v2\/users\/1"}],"replies":[{"embeddable":true,"href":"https:\/\/doctorfernando.cl\/index.php\/wp-json\/wp\/v2\/comments?post=901"}],"version-history":[{"count":34,"href":"https:\/\/doctorfernando.cl\/index.php\/wp-json\/wp\/v2\/posts\/901\/revisions"}],"predecessor-version":[{"id":3201,"href":"https:\/\/doctorfernando.cl\/index.php\/wp-json\/wp\/v2\/posts\/901\/revisions\/3201"}],"wp:attachment":[{"href":"https:\/\/doctorfernando.cl\/index.php\/wp-json\/wp\/v2\/media?parent=901"}],"wp:term":[{"taxonomy":"category","embeddable":true,"href":"https:\/\/doctorfernando.cl\/index.php\/wp-json\/wp\/v2\/categories?post=901"},{"taxonomy":"post_tag","embeddable":true,"href":"https:\/\/doctorfernando.cl\/index.php\/wp-json\/wp\/v2\/tags?post=901"}],"curies":[{"name":"wp","href":"https:\/\/api.w.org\/{rel}","templated":true}]}}