{"id":687,"date":"2018-04-18T12:55:05","date_gmt":"2018-04-18T15:55:05","guid":{"rendered":"http:\/\/www.doctorfernando.cl\/?p=687"},"modified":"2022-04-26T10:51:22","modified_gmt":"2022-04-26T14:51:22","slug":"pacientes-contentos","status":"publish","type":"post","link":"https:\/\/doctorfernando.cl\/index.php\/2018\/04\/18\/pacientes-contentos\/","title":{"rendered":"PACIENTES CONTENTOS"},"content":{"rendered":"\n<p class=\"has-text-align-justify has-medium-font-size\">Cada d\u00eda es m\u00e1s complejo mantener una relaci\u00f3n arm\u00f3nica con los pacientes y en nuestro caso como pediatras, tambi\u00e9n con los padres. A sus crecientes expectativas hay que agregar las de otros actores del sistema, como son las isapres y los centros m\u00e9dicos.<\/p>\n\n\n\n<figure class=\"wp-block-image size-large is-resized is-style-default\"><img loading=\"lazy\" decoding=\"async\" src=\"https:\/\/i0.wp.com\/doctorfernando.cl\/wp-content\/uploads\/2022\/02\/educando-hijos-1024x552-1.jpg?resize=444%2C238&#038;ssl=1\" alt=\"\" class=\"wp-image-2695\" width=\"444\" height=\"238\" srcset=\"https:\/\/i0.wp.com\/doctorfernando.cl\/wp-content\/uploads\/2022\/02\/educando-hijos-1024x552-1.jpg?w=1024&amp;ssl=1 1024w, https:\/\/i0.wp.com\/doctorfernando.cl\/wp-content\/uploads\/2022\/02\/educando-hijos-1024x552-1.jpg?resize=300%2C162&amp;ssl=1 300w, https:\/\/i0.wp.com\/doctorfernando.cl\/wp-content\/uploads\/2022\/02\/educando-hijos-1024x552-1.jpg?resize=768%2C414&amp;ssl=1 768w\" sizes=\"auto, (max-width: 444px) 100vw, 444px\" data-recalc-dims=\"1\" \/><\/figure>\n\n\n\n<p class=\"has-text-align-justify has-medium-font-size\">Con el correr de los a\u00f1os hemos vivido la migraci\u00f3n del centro del quehacer profesional desde el m\u00e9dico al paciente, su familia y a los servicios de salud.<br>\nEn este escenario complicado e irreversible el m\u00e9dico debe esforzarse para que el paciente y su familia perciban no s\u00f3lo calidad sino calidez.<\/p>\n\n\n\n<p class=\"has-text-align-justify has-medium-font-size\">Con la palabra calidez resumimos todo lo que se entiende por empat\u00eda, la otroredad de ponerse en el lugar del que acude a consultar.<br>\nObviamente lo primero es la rigurosidad, el ser \u201cbuen profesional\u201d. Sin ello no hay nada. Pero falta mucho m\u00e1s para que el paciente y sus padres queden contentos. Falta el calor de la atenci\u00f3n acogedora, que se centra en cosas simples como asegurar tiempos de espera razonables, que al paciente se le llame por su nombre, que los padres y los ni\u00f1os, cuando procede, entiendan con claridad la naturaleza de la enfermedad, por citar las situaciones m\u00e1s urgentes.<\/p>\n\n\n\n<figure class=\"wp-block-image size-large is-resized is-style-default\"><img loading=\"lazy\" decoding=\"async\" src=\"https:\/\/i0.wp.com\/doctorfernando.cl\/wp-content\/uploads\/2022\/02\/\u0414\u0432\u043e\u0435-\u0434\u0440\u0443\u0437\u0435\u0439-\u043e\u0431\u043d\u0438\u043c\u0430\u044e\u0442\u0441\u044f.jpg?resize=448%2C299&#038;ssl=1\" alt=\"\" class=\"wp-image-2694\" width=\"448\" height=\"299\" srcset=\"https:\/\/i0.wp.com\/doctorfernando.cl\/wp-content\/uploads\/2022\/02\/\u0414\u0432\u043e\u0435-\u0434\u0440\u0443\u0437\u0435\u0439-\u043e\u0431\u043d\u0438\u043c\u0430\u044e\u0442\u0441\u044f.jpg?w=700&amp;ssl=1 700w, https:\/\/i0.wp.com\/doctorfernando.cl\/wp-content\/uploads\/2022\/02\/\u0414\u0432\u043e\u0435-\u0434\u0440\u0443\u0437\u0435\u0439-\u043e\u0431\u043d\u0438\u043c\u0430\u044e\u0442\u0441\u044f.jpg?resize=300%2C200&amp;ssl=1 300w\" sizes=\"auto, (max-width: 448px) 100vw, 448px\" data-recalc-dims=\"1\" \/><\/figure>\n\n\n\n<p class=\"has-text-align-justify has-medium-font-size\">Calidad y calidez se potencian entre s\u00ed. Si el m\u00e9dico cultiva estos dos aspectos entregar\u00e1 una medicina de alto valor, que dejar\u00e1 contentos a los pacientes.<\/p>\n","protected":false},"excerpt":{"rendered":"<p>Cada d\u00eda es m\u00e1s complejo mantener una relaci\u00f3n arm\u00f3nica con los pacientes y en nuestro caso como pediatras, tambi\u00e9n con <\/p>\n<div class=\"read-more-text\"><a href=\"https:\/\/doctorfernando.cl\/index.php\/2018\/04\/18\/pacientes-contentos\/\" class=\"read-more\">Continuar leyendo<\/a><\/div>\n","protected":false},"author":1,"featured_media":0,"comment_status":"closed","ping_status":"closed","sticky":false,"template":"","format":"standard","meta":{"footnotes":""},"categories":[1],"tags":[47,105,191,202,226,229,256,274],"class_list":["post-687","post","type-post","status-publish","format-standard","hentry","category-el-doctor-lo-dijo","tag-buen-profesional","tag-empatia","tag-medico","tag-migracional","tag-otroredad","tag-padres-y-los-ninos","tag-profesion","tag-relacion-armonica"],"jetpack_featured_media_url":"","_links":{"self":[{"href":"https:\/\/doctorfernando.cl\/index.php\/wp-json\/wp\/v2\/posts\/687","targetHints":{"allow":["GET"]}}],"collection":[{"href":"https:\/\/doctorfernando.cl\/index.php\/wp-json\/wp\/v2\/posts"}],"about":[{"href":"https:\/\/doctorfernando.cl\/index.php\/wp-json\/wp\/v2\/types\/post"}],"author":[{"embeddable":true,"href":"https:\/\/doctorfernando.cl\/index.php\/wp-json\/wp\/v2\/users\/1"}],"replies":[{"embeddable":true,"href":"https:\/\/doctorfernando.cl\/index.php\/wp-json\/wp\/v2\/comments?post=687"}],"version-history":[{"count":4,"href":"https:\/\/doctorfernando.cl\/index.php\/wp-json\/wp\/v2\/posts\/687\/revisions"}],"predecessor-version":[{"id":3240,"href":"https:\/\/doctorfernando.cl\/index.php\/wp-json\/wp\/v2\/posts\/687\/revisions\/3240"}],"wp:attachment":[{"href":"https:\/\/doctorfernando.cl\/index.php\/wp-json\/wp\/v2\/media?parent=687"}],"wp:term":[{"taxonomy":"category","embeddable":true,"href":"https:\/\/doctorfernando.cl\/index.php\/wp-json\/wp\/v2\/categories?post=687"},{"taxonomy":"post_tag","embeddable":true,"href":"https:\/\/doctorfernando.cl\/index.php\/wp-json\/wp\/v2\/tags?post=687"}],"curies":[{"name":"wp","href":"https:\/\/api.w.org\/{rel}","templated":true}]}}