{"id":681,"date":"2018-02-01T20:49:44","date_gmt":"2018-02-01T23:49:44","guid":{"rendered":"http:\/\/www.doctorfernando.cl\/?p=681"},"modified":"2022-04-26T10:52:03","modified_gmt":"2022-04-26T14:52:03","slug":"hernia-al-ombligo","status":"publish","type":"post","link":"https:\/\/doctorfernando.cl\/index.php\/2018\/02\/01\/hernia-al-ombligo\/","title":{"rendered":"HERNIA AL OMBLIGO"},"content":{"rendered":"\n<figure class=\"wp-block-image size-large is-resized is-style-default\"><img loading=\"lazy\" decoding=\"async\" src=\"https:\/\/i0.wp.com\/doctorfernando.cl\/wp-content\/uploads\/2022\/02\/preguntas-hernia-umbilical-2.jpg?resize=445%2C257&#038;ssl=1\" alt=\"\" class=\"wp-image-2701\" width=\"445\" height=\"257\" srcset=\"https:\/\/i0.wp.com\/doctorfernando.cl\/wp-content\/uploads\/2022\/02\/preguntas-hernia-umbilical-2.jpg?w=850&amp;ssl=1 850w, https:\/\/i0.wp.com\/doctorfernando.cl\/wp-content\/uploads\/2022\/02\/preguntas-hernia-umbilical-2.jpg?resize=300%2C173&amp;ssl=1 300w, https:\/\/i0.wp.com\/doctorfernando.cl\/wp-content\/uploads\/2022\/02\/preguntas-hernia-umbilical-2.jpg?resize=768%2C444&amp;ssl=1 768w\" sizes=\"auto, (max-width: 445px) 100vw, 445px\" data-recalc-dims=\"1\" \/><\/figure>\n\n\n\n<p class=\"has-text-align-justify has-medium-font-size\">Algunos reci\u00e9n nacidos presentan una protrusi\u00f3n en la regi\u00f3n umbilical que se hace evidente alrededor de los 10 d\u00edas de vida, cuando ya han eliminado el cord\u00f3n.<\/p>\n\n\n\n<p class=\"has-text-align-justify has-medium-font-size\">Los padres, sobre todo si son primerizos, se sorprenden y preocupan de este bulto globuloso que se reduce con la palpaci\u00f3n suave y que crece notablemente cuando el peque\u00f1o llora.<\/p>\n\n\n\n<p class=\"has-text-align-justify has-medium-font-size\">Pese a lo aparatoso que puede llegar a ser el globo herniario, no es grave y probablemente, desaparecer\u00e1 espont\u00e1neamente en el segundo a\u00f1o de edad.<\/p>\n\n\n\n<p class=\"has-text-align-justify has-medium-font-size\">En general la hernia umbilical del lactante no es dolorosa, no correspondiendo a una de las causas del ni\u00f1o \u201ccon c\u00f3licos\u201d, que llora persistentemente toda la noche, dejando sin dormir a los padres y alarmando a los vecinos.<\/p>\n\n\n\n<p class=\"has-text-align-justify has-medium-font-size\">La mejor estrategia para tranquilizar a los padres es hacer un dibujo explicando por qu\u00e9 existe esta hernia, que corresponde a un resto embrionario del antiguo cord\u00f3n umbilical que un\u00eda a la placenta materna con las estructuras cardiovasculares del feto. Al nacimiento, este sistema queda obsoleto y desaparece, pero en algunos casos el anillo del cord\u00f3n que atraviesa la pared abdominal fetal no se cierra, dando origen a la hernia umbilical. La persistencia del anillo es el origen de la hernia.<\/p>\n\n\n\n<p class=\"has-text-align-justify has-medium-font-size\">Tambi\u00e9n hay que se\u00f1alar que la hernia umbilical va a crecer hasta los 6 a 7 meses por la mayor presi\u00f3n intraabdominal del lactante en r\u00e1pido crecimiento, pero que luego involucionar\u00e1 porque la pared abdominal mejora su tono muscular cuando el ni\u00f1o aprende a sentarse y a mantenerse de pie.<\/p>\n\n\n\n<p class=\"has-text-align-justify has-medium-font-size\">S\u00f3lo las hernias muy aparatosas, con un anillo herniario mayor de 2 cm. de di\u00e1metro, tienden a alojar asas intestinales permanentemente protruidas, de modo que no se reducen espont\u00e1neamente y pueden requerir de operaci\u00f3n.<\/p>\n\n\n\n<figure class=\"wp-block-image size-large is-resized is-style-default\"><img loading=\"lazy\" decoding=\"async\" src=\"https:\/\/i0.wp.com\/doctorfernando.cl\/wp-content\/uploads\/2022\/02\/operacion-hernia-umbilical.jpg?resize=443%2C317&#038;ssl=1\" alt=\"\" class=\"wp-image-2703\" width=\"443\" height=\"317\" srcset=\"https:\/\/i0.wp.com\/doctorfernando.cl\/wp-content\/uploads\/2022\/02\/operacion-hernia-umbilical.jpg?w=600&amp;ssl=1 600w, https:\/\/i0.wp.com\/doctorfernando.cl\/wp-content\/uploads\/2022\/02\/operacion-hernia-umbilical.jpg?resize=300%2C215&amp;ssl=1 300w\" sizes=\"auto, (max-width: 443px) 100vw, 443px\" data-recalc-dims=\"1\" \/><\/figure>\n","protected":false},"excerpt":{"rendered":"<p>Algunos reci\u00e9n nacidos presentan una protrusi\u00f3n en la regi\u00f3n umbilical que se hace evidente alrededor de los 10 d\u00edas de <\/p>\n<div class=\"read-more-text\"><a href=\"https:\/\/doctorfernando.cl\/index.php\/2018\/02\/01\/hernia-al-ombligo\/\" class=\"read-more\">Continuar leyendo<\/a><\/div>\n","protected":false},"author":1,"featured_media":0,"comment_status":"closed","ping_status":"closed","sticky":false,"template":"","format":"standard","meta":{"footnotes":""},"categories":[1],"tags":[49,122,134,135,253,262,272],"class_list":["post-681","post","type-post","status-publish","format-standard","hentry","category-el-doctor-lo-dijo","tag-bulto-globuloso","tag-globo-herniario","tag-hernia-umbilical","tag-hernias","tag-presion-intraabdominal","tag-protrusion","tag-region-umbilical"],"jetpack_featured_media_url":"","_links":{"self":[{"href":"https:\/\/doctorfernando.cl\/index.php\/wp-json\/wp\/v2\/posts\/681","targetHints":{"allow":["GET"]}}],"collection":[{"href":"https:\/\/doctorfernando.cl\/index.php\/wp-json\/wp\/v2\/posts"}],"about":[{"href":"https:\/\/doctorfernando.cl\/index.php\/wp-json\/wp\/v2\/types\/post"}],"author":[{"embeddable":true,"href":"https:\/\/doctorfernando.cl\/index.php\/wp-json\/wp\/v2\/users\/1"}],"replies":[{"embeddable":true,"href":"https:\/\/doctorfernando.cl\/index.php\/wp-json\/wp\/v2\/comments?post=681"}],"version-history":[{"count":5,"href":"https:\/\/doctorfernando.cl\/index.php\/wp-json\/wp\/v2\/posts\/681\/revisions"}],"predecessor-version":[{"id":3242,"href":"https:\/\/doctorfernando.cl\/index.php\/wp-json\/wp\/v2\/posts\/681\/revisions\/3242"}],"wp:attachment":[{"href":"https:\/\/doctorfernando.cl\/index.php\/wp-json\/wp\/v2\/media?parent=681"}],"wp:term":[{"taxonomy":"category","embeddable":true,"href":"https:\/\/doctorfernando.cl\/index.php\/wp-json\/wp\/v2\/categories?post=681"},{"taxonomy":"post_tag","embeddable":true,"href":"https:\/\/doctorfernando.cl\/index.php\/wp-json\/wp\/v2\/tags?post=681"}],"curies":[{"name":"wp","href":"https:\/\/api.w.org\/{rel}","templated":true}]}}