{"id":666,"date":"2017-11-14T13:30:13","date_gmt":"2017-11-14T16:30:13","guid":{"rendered":"http:\/\/www.doctorfernando.cl\/?p=666"},"modified":"2022-04-26T10:53:34","modified_gmt":"2022-04-26T14:53:34","slug":"tomamos-en-cuenta-a-los-ninos-en-las-reuniones-sociales","status":"publish","type":"post","link":"https:\/\/doctorfernando.cl\/index.php\/2017\/11\/14\/tomamos-en-cuenta-a-los-ninos-en-las-reuniones-sociales\/","title":{"rendered":"\u00bfTOMAMOS EN CUENTA A LOS NI\u00d1OS EN LAS REUNIONES SOCIALES?"},"content":{"rendered":"\n<figure class=\"wp-block-image size-large is-resized\"><img loading=\"lazy\" decoding=\"async\" src=\"https:\/\/i0.wp.com\/doctorfernando.cl\/wp-content\/uploads\/2022\/02\/padres-hablando-hijos-embarazo-reproduccion.jpg?resize=447%2C297&#038;ssl=1\" alt=\"\" class=\"wp-image-2723\" width=\"447\" height=\"297\" srcset=\"https:\/\/i0.wp.com\/doctorfernando.cl\/wp-content\/uploads\/2022\/02\/padres-hablando-hijos-embarazo-reproduccion.jpg?resize=1024%2C681&amp;ssl=1 1024w, https:\/\/i0.wp.com\/doctorfernando.cl\/wp-content\/uploads\/2022\/02\/padres-hablando-hijos-embarazo-reproduccion.jpg?resize=300%2C200&amp;ssl=1 300w, https:\/\/i0.wp.com\/doctorfernando.cl\/wp-content\/uploads\/2022\/02\/padres-hablando-hijos-embarazo-reproduccion.jpg?resize=768%2C511&amp;ssl=1 768w, https:\/\/i0.wp.com\/doctorfernando.cl\/wp-content\/uploads\/2022\/02\/padres-hablando-hijos-embarazo-reproduccion.jpg?resize=1536%2C1022&amp;ssl=1 1536w, https:\/\/i0.wp.com\/doctorfernando.cl\/wp-content\/uploads\/2022\/02\/padres-hablando-hijos-embarazo-reproduccion.jpg?resize=2048%2C1362&amp;ssl=1 2048w, https:\/\/i0.wp.com\/doctorfernando.cl\/wp-content\/uploads\/2022\/02\/padres-hablando-hijos-embarazo-reproduccion.jpg?w=1280&amp;ssl=1 1280w, https:\/\/i0.wp.com\/doctorfernando.cl\/wp-content\/uploads\/2022\/02\/padres-hablando-hijos-embarazo-reproduccion.jpg?w=1920&amp;ssl=1 1920w\" sizes=\"auto, (max-width: 447px) 100vw, 447px\" data-recalc-dims=\"1\" \/><\/figure>\n\n\n\n<p class=\"has-text-align-justify has-medium-font-size\">Un comportamiento muy arraigado es no hacer participar a los ni\u00f1os de las conversaciones en una reuni\u00f3n social cuando hablamos acerca de ellos. Obviamente los ni\u00f1os no se reconocen presentes en la reuni\u00f3n.<\/p>\n\n\n\n<p class=\"has-text-align-justify has-medium-font-size\">Los desaf\u00edo a que recuerden los pormenores de la \u00faltima reuni\u00f3n de este tipo. Les aseguro que nuestras conversaciones y comentarios transcurrieron como si los ni\u00f1os no estuvieran presentes, a pesar de que se habl\u00f3 de temas que les ata\u00f1e.<\/p>\n\n\n\n<p class=\"has-text-align-justify has-medium-font-size\">Asimismo, m\u00e1s de una vez hemos salido con los nietos y cuando les proponemos tomar un helado o unas onces, ya tenemos decidido qu\u00e9 les pediremos sin consultarles. Ya cuando los pasamos a buscar, su madre nos se\u00f1ala qu\u00e9 refrigerio les podemos pedir. Para rematar, ya instalados en la helader\u00eda, el garz\u00f3n tampoco coopera mucho porque comenta con nosotros la minuta infantil, sin siquiera saludar a los chicos, como si fuesen invisibles. Peque\u00f1os de 5 a\u00f1os ya se muestran contrariados y comentan su disgusto se\u00f1alando que el mozo debi\u00f3 preguntarles a ellos y no a los adultos.<\/p>\n\n\n\n<figure class=\"wp-block-image size-large is-resized\"><img loading=\"lazy\" decoding=\"async\" src=\"https:\/\/i0.wp.com\/doctorfernando.cl\/wp-content\/uploads\/2022\/02\/cuentos-padre-SOCIAL.jpeg?resize=446%2C234&#038;ssl=1\" alt=\"\" class=\"wp-image-2724\" width=\"446\" height=\"234\" srcset=\"https:\/\/i0.wp.com\/doctorfernando.cl\/wp-content\/uploads\/2022\/02\/cuentos-padre-SOCIAL.jpeg?resize=1024%2C536&amp;ssl=1 1024w, https:\/\/i0.wp.com\/doctorfernando.cl\/wp-content\/uploads\/2022\/02\/cuentos-padre-SOCIAL.jpeg?resize=300%2C157&amp;ssl=1 300w, https:\/\/i0.wp.com\/doctorfernando.cl\/wp-content\/uploads\/2022\/02\/cuentos-padre-SOCIAL.jpeg?resize=768%2C402&amp;ssl=1 768w, https:\/\/i0.wp.com\/doctorfernando.cl\/wp-content\/uploads\/2022\/02\/cuentos-padre-SOCIAL.jpeg?w=1254&amp;ssl=1 1254w\" sizes=\"auto, (max-width: 446px) 100vw, 446px\" data-recalc-dims=\"1\" \/><\/figure>\n\n\n\n<p class=\"has-text-align-justify has-medium-font-size\">Otra situaci\u00f3n con la que involuntariamente herimos a nuestros ni\u00f1os, se refiere a los comentarios que se hacen sobre alguna condici\u00f3n de su crecimiento, ya sea que tenga talla baja, sobrepeso, tartamudez o sean buenos para toser. T\u00edpico que alg\u00fan invitado comentar\u00e1 la situaci\u00f3n y dar\u00e1 una latosa pauta de qu\u00e9 se debe hacer. El resultado salta a la vista. El ni\u00f1o se retrae, no participa de la velada y se resistir\u00e1 a asistir a nuevos almuerzos familiares o salir con nosotros.<\/p>\n\n\n\n<p class=\"has-text-align-justify has-medium-font-size\">Tengamos cuidado en no da\u00f1ar la autoestima de los ni\u00f1os y pregunt\u00e9mosle su opini\u00f3n. Se sentir\u00e1n m\u00e1s seguros y participativos.<\/p>\n","protected":false},"excerpt":{"rendered":"<p>Un comportamiento muy arraigado es no hacer participar a los ni\u00f1os de las conversaciones en una reuni\u00f3n social cuando hablamos <\/p>\n<div class=\"read-more-text\"><a href=\"https:\/\/doctorfernando.cl\/index.php\/2017\/11\/14\/tomamos-en-cuenta-a-los-ninos-en-las-reuniones-sociales\/\" class=\"read-more\">Continuar leyendo<\/a><\/div>\n","protected":false},"author":1,"featured_media":0,"comment_status":"closed","ping_status":"closed","sticky":false,"template":"","format":"standard","meta":{"footnotes":""},"categories":[1],"tags":[66,270,278],"class_list":["post-666","post","type-post","status-publish","format-standard","hentry","category-el-doctor-lo-dijo","tag-conversaciones","tag-redes-sociales","tag-reunion-social"],"jetpack_featured_media_url":"","_links":{"self":[{"href":"https:\/\/doctorfernando.cl\/index.php\/wp-json\/wp\/v2\/posts\/666","targetHints":{"allow":["GET"]}}],"collection":[{"href":"https:\/\/doctorfernando.cl\/index.php\/wp-json\/wp\/v2\/posts"}],"about":[{"href":"https:\/\/doctorfernando.cl\/index.php\/wp-json\/wp\/v2\/types\/post"}],"author":[{"embeddable":true,"href":"https:\/\/doctorfernando.cl\/index.php\/wp-json\/wp\/v2\/users\/1"}],"replies":[{"embeddable":true,"href":"https:\/\/doctorfernando.cl\/index.php\/wp-json\/wp\/v2\/comments?post=666"}],"version-history":[{"count":3,"href":"https:\/\/doctorfernando.cl\/index.php\/wp-json\/wp\/v2\/posts\/666\/revisions"}],"predecessor-version":[{"id":3244,"href":"https:\/\/doctorfernando.cl\/index.php\/wp-json\/wp\/v2\/posts\/666\/revisions\/3244"}],"wp:attachment":[{"href":"https:\/\/doctorfernando.cl\/index.php\/wp-json\/wp\/v2\/media?parent=666"}],"wp:term":[{"taxonomy":"category","embeddable":true,"href":"https:\/\/doctorfernando.cl\/index.php\/wp-json\/wp\/v2\/categories?post=666"},{"taxonomy":"post_tag","embeddable":true,"href":"https:\/\/doctorfernando.cl\/index.php\/wp-json\/wp\/v2\/tags?post=666"}],"curies":[{"name":"wp","href":"https:\/\/api.w.org\/{rel}","templated":true}]}}