{"id":436,"date":"2012-10-23T18:20:11","date_gmt":"2012-10-23T21:20:11","guid":{"rendered":"http:\/\/drfernando.megadata.poweredbyclear.com\/?p=436"},"modified":"2022-04-29T11:07:57","modified_gmt":"2022-04-29T15:07:57","slug":"meningitis-conozca-las-medidas-de-prevencion-que-evitan-contagio","status":"publish","type":"post","link":"https:\/\/doctorfernando.cl\/index.php\/2012\/10\/23\/meningitis-conozca-las-medidas-de-prevencion-que-evitan-contagio\/","title":{"rendered":"MENINGITIS: CONOZCA LAS MEDIDAS DE PREVENCI\u00d3N QUE EVITAN CONTAGIO"},"content":{"rendered":"\n<figure class=\"wp-block-image size-large is-resized\"><img loading=\"lazy\" decoding=\"async\" src=\"https:\/\/i0.wp.com\/doctorfernando.cl\/wp-content\/uploads\/2022\/02\/meningitis.jpg?resize=448%2C238&#038;ssl=1\" alt=\"\" class=\"wp-image-2924\" width=\"448\" height=\"238\" srcset=\"https:\/\/i0.wp.com\/doctorfernando.cl\/wp-content\/uploads\/2022\/02\/meningitis.jpg?w=970&amp;ssl=1 970w, https:\/\/i0.wp.com\/doctorfernando.cl\/wp-content\/uploads\/2022\/02\/meningitis.jpg?resize=300%2C160&amp;ssl=1 300w, https:\/\/i0.wp.com\/doctorfernando.cl\/wp-content\/uploads\/2022\/02\/meningitis.jpg?resize=768%2C409&amp;ssl=1 768w\" sizes=\"auto, (max-width: 448px) 100vw, 448px\" data-recalc-dims=\"1\" \/><\/figure>\n\n\n\n<p class=\"has-text-align-justify has-medium-font-size\">Los casos de <strong>meningitis meningoc\u00f3cica<\/strong> registrados en la <strong>Regi\u00f3n Metropolitana<\/strong>, y la <strong><a href=\"http:\/\/www.lanacion.cl\/meningitis-subsecretario-de-salud-superviso-vacunacion-en-penalolen\/noticias\/2012-10-22\/134619.html\">vacunaci\u00f3n <\/a>que ha impulsado el <a href=\"http:\/\/www.minsal.cl\/portal\/url\/page\/minsalcl\/g_nuevo_home\/nuevo_home.html\">Ministerio de Salud<\/a><\/strong> en ni\u00f1os entre <strong>9 meses y 4 a\u00f1os<\/strong> en <strong>Pe\u00f1alol\u00e9n<\/strong>, que continuar\u00e1 posteriormente en otras comunas, ha provocado inquietud en la poblaci\u00f3n.<\/p>\n\n\n\n<p class=\"has-text-align-justify has-medium-font-size\">El <strong>pediatra Fernando Ruiz \u2013Esquide<\/strong> dice que hay una <strong>\u201cjustificada alarma\u201d<\/strong> en los padres de los ni\u00f1os con mayor riesgo \u2013menores de 5 a\u00f1os- dado que &nbsp;\u201cefectivamente las cifras de meningitis meningoc\u00f3cica son superiores a las de&nbsp; otros a\u00f1os\u201d.<\/p>\n\n\n\n<p class=\"has-text-align-justify has-medium-font-size\">No obstante, el especialista <strong>llama a la calma<\/strong> a los padres de los ni\u00f1os que no ser\u00e1n inmunizados y plantea que existen \u201cm<strong>edidas simples\u201d<\/strong>, pero <strong>\u201cmuy efectivas\u201d<\/strong> que permiten combatir el agente bacteriano.<\/p>\n\n\n\n<p class=\"has-medium-font-size\">\u2022 <strong>Evitar que los adultos tosan cerca de los ni\u00f1os.<\/strong><\/p>\n\n\n\n<p class=\"has-medium-font-size\">\u2022 <strong>Usar mascarillas desechables si la persona sufre un resfr\u00edo.<\/strong><\/p>\n\n\n\n<p class=\"has-medium-font-size\">\u2022 <strong>Preferir ambientes bien ventilados.<\/strong><\/p>\n\n\n\n<p class=\"has-medium-font-size\">\u2022 <strong>Promover una alimentaci\u00f3n rica en vitaminas naturales.<\/strong><\/p>\n\n\n\n<p style=\"font-size:24px\">\u2022 <strong>Lavarse bien las manos antes de atender a un ni\u00f1o.<\/strong><\/p>\n\n\n\n<p class=\"has-medium-font-size\">El m\u00e9dico se\u00f1ala que con el aumento de las temperaturas tambi\u00e9n ir\u00e1 desapareciendo el peligro del contagio. Esto porque el reservorio, donde \u201cse blindan\u201d los meningococos, est\u00e1 \u201cen las gargantas de algunos adultos con faringoamigdalitis y estas disminuir\u00e1n en la medida que desaparezca el fr\u00edo\u201d.<\/p>\n\n\n\n<h3 class=\"has-medium-font-size wp-block-heading\"><strong>CONTAGIOS<\/strong><\/h3>\n\n\n\n<p class=\"has-text-align-justify has-medium-font-size\">Desde <strong>enero hasta el 22 de octubre<\/strong> se han registrado <strong>89 casos de meningitis<\/strong> confirmados en el pa\u00eds,<strong> 21<\/strong>de los cuales han fallecido. El n\u00famero de casos promedio en igual per\u00edodo del a\u00f1o entre los a\u00f1os 2007 y 2011 fue de <strong>83 casos.<\/strong><\/p>\n\n\n\n<p class=\"has-text-align-justify has-medium-font-size\">Los contagios se concentran en las regiones de <strong>Valpara\u00edso<\/strong> (17) y <strong>Metropolitana<\/strong> (57). Los 14 casos restantes se distribuyen en otras zonas del pa\u00eds.<\/p>\n\n\n\n<p class=\"has-text-align-justify has-medium-font-size\">En Valpara\u00edso predomina la cepa B de la bacteria meningococo. En Santiago, en tanto, la mayor\u00eda de los casos han sido causados por la cepa W-135.<\/p>\n\n\n\n<p class=\"has-medium-font-size\"><strong>S\u00cdNTOMAS<\/strong><\/p>\n\n\n\n<p class=\"has-text-align-justify has-medium-font-size\">La meningitis meningoc\u00f3cica es una enfermedad que <strong>inflama la membran<\/strong>a que recubre el cerebro. Se transmite a trav\u00e9s de <strong>gotitas y secreciones por la nariz y garganta<\/strong> ( al toser, estornudar, besar).<\/p>\n\n\n\n<p class=\"has-medium-font-size\"><strong>Los s\u00edntomas que deben alertar a los padres son:<\/strong><\/p>\n\n\n\n<p class=\"has-medium-font-size\"><strong>\u2022 Fiebre alta<\/strong> (sobre 38\u00b0).<\/p>\n\n\n\n<p class=\"has-medium-font-size\"><strong>\u2022 Dolor de cabez<\/strong>a intenso.<\/p>\n\n\n\n<p class=\"has-medium-font-size\"><strong>\u2022 V\u00f3mitos.<\/strong><\/p>\n\n\n\n<p class=\"has-medium-font-size\"><strong>\u2022 N\u00e1useas.<\/strong><\/p>\n\n\n\n<p class=\"has-medium-font-size\"><strong>\u2022 Llanto persistente<\/strong> en ni\u00f1os peque\u00f1os.<\/p>\n\n\n\n<p class=\"has-medium-font-size\"><strong>\u2022 Rigidez<\/strong> del cuello.<\/p>\n\n\n\n<p class=\"has-medium-font-size\"><strong>\u2022 Decaimiento<\/strong> general.<\/p>\n\n\n\n<p class=\"has-medium-font-size\"><strong>\u2022 Manchas<\/strong> de color rojo vinoso en la piel.<\/p>\n","protected":false},"excerpt":{"rendered":"<p>Los casos de meningitis meningoc\u00f3cica registrados en la Regi\u00f3n Metropolitana, y la vacunaci\u00f3n que ha impulsado el Ministerio de Salud <\/p>\n<div class=\"read-more-text\"><a href=\"https:\/\/doctorfernando.cl\/index.php\/2012\/10\/23\/meningitis-conozca-las-medidas-de-prevencion-que-evitan-contagio\/\" class=\"read-more\">Continuar leyendo<\/a><\/div>\n","protected":false},"author":1,"featured_media":0,"comment_status":"closed","ping_status":"open","sticky":false,"template":"","format":"standard","meta":{"footnotes":""},"categories":[1],"tags":[],"class_list":["post-436","post","type-post","status-publish","format-standard","hentry","category-el-doctor-lo-dijo"],"jetpack_featured_media_url":"","_links":{"self":[{"href":"https:\/\/doctorfernando.cl\/index.php\/wp-json\/wp\/v2\/posts\/436","targetHints":{"allow":["GET"]}}],"collection":[{"href":"https:\/\/doctorfernando.cl\/index.php\/wp-json\/wp\/v2\/posts"}],"about":[{"href":"https:\/\/doctorfernando.cl\/index.php\/wp-json\/wp\/v2\/types\/post"}],"author":[{"embeddable":true,"href":"https:\/\/doctorfernando.cl\/index.php\/wp-json\/wp\/v2\/users\/1"}],"replies":[{"embeddable":true,"href":"https:\/\/doctorfernando.cl\/index.php\/wp-json\/wp\/v2\/comments?post=436"}],"version-history":[{"count":5,"href":"https:\/\/doctorfernando.cl\/index.php\/wp-json\/wp\/v2\/posts\/436\/revisions"}],"predecessor-version":[{"id":3321,"href":"https:\/\/doctorfernando.cl\/index.php\/wp-json\/wp\/v2\/posts\/436\/revisions\/3321"}],"wp:attachment":[{"href":"https:\/\/doctorfernando.cl\/index.php\/wp-json\/wp\/v2\/media?parent=436"}],"wp:term":[{"taxonomy":"category","embeddable":true,"href":"https:\/\/doctorfernando.cl\/index.php\/wp-json\/wp\/v2\/categories?post=436"},{"taxonomy":"post_tag","embeddable":true,"href":"https:\/\/doctorfernando.cl\/index.php\/wp-json\/wp\/v2\/tags?post=436"}],"curies":[{"name":"wp","href":"https:\/\/api.w.org\/{rel}","templated":true}]}}