{"id":4088,"date":"2026-03-12T17:34:54","date_gmt":"2026-03-12T20:34:54","guid":{"rendered":"https:\/\/doctorfernando.cl\/?p=4088"},"modified":"2026-03-12T17:34:54","modified_gmt":"2026-03-12T20:34:54","slug":"therians-y-furrier","status":"publish","type":"post","link":"https:\/\/doctorfernando.cl\/index.php\/2026\/03\/12\/therians-y-furrier\/","title":{"rendered":"THERIANS Y FURRIER"},"content":{"rendered":"\n<figure class=\"wp-block-image size-large\"><img loading=\"lazy\" decoding=\"async\" width=\"640\" height=\"360\" src=\"https:\/\/i0.wp.com\/doctorfernando.cl\/wp-content\/uploads\/2026\/03\/Captura_de_pantalla_2026-02-12_165853.png.webp?resize=640%2C360&#038;ssl=1\" alt=\"\" class=\"wp-image-4089\" srcset=\"https:\/\/i0.wp.com\/doctorfernando.cl\/wp-content\/uploads\/2026\/03\/Captura_de_pantalla_2026-02-12_165853.png.webp?resize=1024%2C576&amp;ssl=1 1024w, https:\/\/i0.wp.com\/doctorfernando.cl\/wp-content\/uploads\/2026\/03\/Captura_de_pantalla_2026-02-12_165853.png.webp?resize=300%2C169&amp;ssl=1 300w, https:\/\/i0.wp.com\/doctorfernando.cl\/wp-content\/uploads\/2026\/03\/Captura_de_pantalla_2026-02-12_165853.png.webp?resize=768%2C432&amp;ssl=1 768w, https:\/\/i0.wp.com\/doctorfernando.cl\/wp-content\/uploads\/2026\/03\/Captura_de_pantalla_2026-02-12_165853.png.webp?resize=1536%2C864&amp;ssl=1 1536w, https:\/\/i0.wp.com\/doctorfernando.cl\/wp-content\/uploads\/2026\/03\/Captura_de_pantalla_2026-02-12_165853.png.webp?w=1600&amp;ssl=1 1600w, https:\/\/i0.wp.com\/doctorfernando.cl\/wp-content\/uploads\/2026\/03\/Captura_de_pantalla_2026-02-12_165853.png.webp?w=1280&amp;ssl=1 1280w\" sizes=\"auto, (max-width: 640px) 100vw, 640px\" data-recalc-dims=\"1\" \/><\/figure>\n\n\n\n<p>En la actualidad se observa un grupo creciente de j\u00f3venes que se autoidentifican estrechamente con un animal y se comportan como tal.&nbsp; Es posible que sea m\u00e1s que una moda, porque responde a un proceso de b\u00fasqueda de identidad en una \u00e9poca de gran incertidumbre.&nbsp;&nbsp;<\/p>\n\n\n\n<p>Se trata de los therians en que algunos adolescentes y adultos j\u00f3venes sienten la necesidad de concebirse como un animal determinado, tanto espiritual como biol\u00f3gicamente y act\u00faan como ellos.&nbsp; Si bien tienen claro que la transformaci\u00f3n f\u00edsica es imposible, en este estado se siente m\u00e1s confortablemente que en el convencional.&nbsp; Esta propensi\u00f3n que se multiplica con la velocidad de las redes de comunicaci\u00f3n virtuales no tiene un objetivo preciso.&nbsp; Expresa un desencanto por lo humano.&nbsp;&nbsp;<\/p>\n\n\n\n<figure class=\"wp-block-image size-large\"><img loading=\"lazy\" decoding=\"async\" width=\"640\" height=\"400\" src=\"https:\/\/i0.wp.com\/doctorfernando.cl\/wp-content\/uploads\/2026\/03\/6989ff5376af0.jpg?resize=640%2C400&#038;ssl=1\" alt=\"\" class=\"wp-image-4090\" srcset=\"https:\/\/i0.wp.com\/doctorfernando.cl\/wp-content\/uploads\/2026\/03\/6989ff5376af0.jpg?resize=1024%2C640&amp;ssl=1 1024w, https:\/\/i0.wp.com\/doctorfernando.cl\/wp-content\/uploads\/2026\/03\/6989ff5376af0.jpg?resize=300%2C188&amp;ssl=1 300w, https:\/\/i0.wp.com\/doctorfernando.cl\/wp-content\/uploads\/2026\/03\/6989ff5376af0.jpg?resize=768%2C480&amp;ssl=1 768w, https:\/\/i0.wp.com\/doctorfernando.cl\/wp-content\/uploads\/2026\/03\/6989ff5376af0.jpg?w=1200&amp;ssl=1 1200w\" sizes=\"auto, (max-width: 640px) 100vw, 640px\" data-recalc-dims=\"1\" \/><\/figure>\n\n\n\n<p>A partir de este movimiento tambi\u00e9n han cobrado notoriedad los furries, un movimiento anterior, con los que comparten el inter\u00e9s con los animales.&nbsp; Los furries crean animales a los que les traspasan una conexi\u00f3n creativa o art\u00edstica.&nbsp; Es decir, los furries dise\u00f1an y se visten como personajes o animales antropom\u00f3rficos, pero trasmiten un mensaje positivo o humor\u00edstico a la sociedad. En este grupo la l\u00ednea de demarcaci\u00f3n con artistas consagrados que han creado personajes interesantes par revistas y <em>cartoon<\/em>, pr\u00e1cticamente no se nota.<\/p>\n\n\n\n<p>El comportamiento therian aparece mucho tiempo antes de que el joven se pasee con sus pares en un parque p\u00fablico disfrazados de zorros, imitando su astucia y desconfianza. La inclinaci\u00f3n se plasm\u00f3 en una etapa anterior, en que la personalidad est\u00e1 influida por las redes sociales y, asimismo, se viraliza por estos mismos medios para formar grupos, que les da identificaci\u00f3n y un sentido de pertenencia. Visto desde este punto no ser\u00eda una condici\u00f3n transitoria o simple moda.<\/p>\n\n\n\n<figure class=\"wp-block-image size-large\"><img loading=\"lazy\" decoding=\"async\" width=\"640\" height=\"427\" src=\"https:\/\/i0.wp.com\/doctorfernando.cl\/wp-content\/uploads\/2026\/03\/REDES-ADOLESCENTES-def-rotated-1.jpg?resize=640%2C427&#038;ssl=1\" alt=\"\" class=\"wp-image-4091\" srcset=\"https:\/\/i0.wp.com\/doctorfernando.cl\/wp-content\/uploads\/2026\/03\/REDES-ADOLESCENTES-def-rotated-1.jpg?resize=1024%2C683&amp;ssl=1 1024w, https:\/\/i0.wp.com\/doctorfernando.cl\/wp-content\/uploads\/2026\/03\/REDES-ADOLESCENTES-def-rotated-1.jpg?resize=300%2C200&amp;ssl=1 300w, https:\/\/i0.wp.com\/doctorfernando.cl\/wp-content\/uploads\/2026\/03\/REDES-ADOLESCENTES-def-rotated-1.jpg?resize=768%2C512&amp;ssl=1 768w, https:\/\/i0.wp.com\/doctorfernando.cl\/wp-content\/uploads\/2026\/03\/REDES-ADOLESCENTES-def-rotated-1.jpg?w=1200&amp;ssl=1 1200w\" sizes=\"auto, (max-width: 640px) 100vw, 640px\" data-recalc-dims=\"1\" \/><\/figure>\n\n\n\n<p>En los therians tenemos soledad, un menor n\u00famero de amistades y\/o la percepci\u00f3n de escasa disponibilidad de apoyo y posibilidades de desarrollo personal, condiciones que tambi\u00e9n se dan en otras manifestaciones de la salud mental del joven.<\/p>\n\n\n\n<p>La lectura que debemos hacer de los therians es que no se trata de un cuadro psicol\u00f3gico puro, aislado, ni mucho menos transitorio. Subyace en ellos los mismos problemas de la sociedad contempor\u00e1nea que afectan al joven en diferentes aspectos del comportamiento y son reflejo del tr\u00e1fago vital que dificulta la comunicaci\u00f3n, la vida familiar y social que los hace sentirse solos y, muchas veces, sin esperanzas de una vida plena.<\/p>\n\n\n\n<figure class=\"wp-block-image size-large\"><img loading=\"lazy\" decoding=\"async\" width=\"640\" height=\"360\" src=\"https:\/\/i0.wp.com\/doctorfernando.cl\/wp-content\/uploads\/2026\/03\/La-Importancia-del-Apoyo-Familiar-en-la-Rehabilitacion-de-Drogas.jpg?resize=640%2C360&#038;ssl=1\" alt=\"\" class=\"wp-image-4092\" srcset=\"https:\/\/i0.wp.com\/doctorfernando.cl\/wp-content\/uploads\/2026\/03\/La-Importancia-del-Apoyo-Familiar-en-la-Rehabilitacion-de-Drogas.jpg?resize=1024%2C576&amp;ssl=1 1024w, https:\/\/i0.wp.com\/doctorfernando.cl\/wp-content\/uploads\/2026\/03\/La-Importancia-del-Apoyo-Familiar-en-la-Rehabilitacion-de-Drogas.jpg?resize=300%2C169&amp;ssl=1 300w, https:\/\/i0.wp.com\/doctorfernando.cl\/wp-content\/uploads\/2026\/03\/La-Importancia-del-Apoyo-Familiar-en-la-Rehabilitacion-de-Drogas.jpg?resize=768%2C432&amp;ssl=1 768w, https:\/\/i0.wp.com\/doctorfernando.cl\/wp-content\/uploads\/2026\/03\/La-Importancia-del-Apoyo-Familiar-en-la-Rehabilitacion-de-Drogas.jpg?w=1200&amp;ssl=1 1200w\" sizes=\"auto, (max-width: 640px) 100vw, 640px\" data-recalc-dims=\"1\" \/><\/figure>\n","protected":false},"excerpt":{"rendered":"<p>En la actualidad se observa un grupo creciente de j\u00f3venes que se autoidentifican estrechamente con un animal y se comportan <\/p>\n<div class=\"read-more-text\"><a href=\"https:\/\/doctorfernando.cl\/index.php\/2026\/03\/12\/therians-y-furrier\/\" class=\"read-more\">Continuar leyendo<\/a><\/div>\n","protected":false},"author":1,"featured_media":0,"comment_status":"closed","ping_status":"","sticky":false,"template":"","format":"standard","meta":{"footnotes":""},"categories":[1],"tags":[],"class_list":["post-4088","post","type-post","status-publish","format-standard","hentry","category-el-doctor-lo-dijo"],"jetpack_featured_media_url":"","_links":{"self":[{"href":"https:\/\/doctorfernando.cl\/index.php\/wp-json\/wp\/v2\/posts\/4088","targetHints":{"allow":["GET"]}}],"collection":[{"href":"https:\/\/doctorfernando.cl\/index.php\/wp-json\/wp\/v2\/posts"}],"about":[{"href":"https:\/\/doctorfernando.cl\/index.php\/wp-json\/wp\/v2\/types\/post"}],"author":[{"embeddable":true,"href":"https:\/\/doctorfernando.cl\/index.php\/wp-json\/wp\/v2\/users\/1"}],"replies":[{"embeddable":true,"href":"https:\/\/doctorfernando.cl\/index.php\/wp-json\/wp\/v2\/comments?post=4088"}],"version-history":[{"count":1,"href":"https:\/\/doctorfernando.cl\/index.php\/wp-json\/wp\/v2\/posts\/4088\/revisions"}],"predecessor-version":[{"id":4093,"href":"https:\/\/doctorfernando.cl\/index.php\/wp-json\/wp\/v2\/posts\/4088\/revisions\/4093"}],"wp:attachment":[{"href":"https:\/\/doctorfernando.cl\/index.php\/wp-json\/wp\/v2\/media?parent=4088"}],"wp:term":[{"taxonomy":"category","embeddable":true,"href":"https:\/\/doctorfernando.cl\/index.php\/wp-json\/wp\/v2\/categories?post=4088"},{"taxonomy":"post_tag","embeddable":true,"href":"https:\/\/doctorfernando.cl\/index.php\/wp-json\/wp\/v2\/tags?post=4088"}],"curies":[{"name":"wp","href":"https:\/\/api.w.org\/{rel}","templated":true}]}}