{"id":3553,"date":"2023-11-02T19:12:36","date_gmt":"2023-11-02T22:12:36","guid":{"rendered":"https:\/\/doctorfernando.cl\/?p=3553"},"modified":"2023-11-02T19:15:12","modified_gmt":"2023-11-02T22:15:12","slug":"pocos-se-vacunan-porque","status":"publish","type":"post","link":"https:\/\/doctorfernando.cl\/index.php\/2023\/11\/02\/pocos-se-vacunan-porque\/","title":{"rendered":"POCOS SE VACUNAN \u00bfPORQU\u00c9?"},"content":{"rendered":"\n<figure class=\"wp-block-image size-full is-resized\"><img loading=\"lazy\" decoding=\"async\" src=\"https:\/\/i0.wp.com\/doctorfernando.cl\/wp-content\/uploads\/2023\/11\/vacuna-costa-1.gif?resize=426%2C240&#038;ssl=1\" alt=\"\" class=\"wp-image-3555\" width=\"426\" height=\"240\" data-recalc-dims=\"1\" \/><\/figure>\n\n\n\n<p class=\"has-text-align-justify has-medium-font-size\">Una realidad que se presenta Chile y el mundo es el sentimiento de cansancio frente a la conveniencia de vacunarse.&nbsp; No es una prioridad para los padres.<\/p>\n\n\n\n<p class=\"has-text-align-justify has-medium-font-size\">Este efecto obedece a muchas razones, de las cuales analizaremos las tres que nos parecen m\u00e1s importantes:<\/p>\n\n\n\n<p class=\"has-text-align-justify has-medium-font-size\">a) La primera raz\u00f3n que salta a la vista son los efectos inconvenientes que tienen algunas vacunas en los primeros d\u00edas, a pesar de que el personal sanitario les afirma a los padres que no hay efectos adversos \u201cde importancia\u201d, siendo que en la misma noche de la vacunaci\u00f3n el lactante puede estar con mucha fiebre y terminar con una convulsi\u00f3n febril en un angustiante servicio de urgencia.<\/p>\n\n\n\n<p class=\"has-text-align-justify has-medium-font-size\">Otro ejemplo se observa con la vacuna BCG del reci\u00e9n nacido.&nbsp; Es verdad que esta vacuna evitar\u00e1 que el ni\u00f1o pudiera contraer formas graves de tuberculosis, pero la profesional que lo vacuna muchas veces no advierte con suficiente \u00e9nfasis sobre las complicaciones que pueden aparecer hacia los 28 d\u00edas, como se muestra en la fotograf\u00eda:<\/p>\n\n\n\n<figure class=\"wp-block-image size-full is-resized\"><img loading=\"lazy\" decoding=\"async\" src=\"https:\/\/i0.wp.com\/doctorfernando.cl\/wp-content\/uploads\/2023\/11\/Imagen-2.png?resize=300%2C238&#038;ssl=1\" alt=\"\" class=\"wp-image-3556\" width=\"300\" height=\"238\" srcset=\"https:\/\/i0.wp.com\/doctorfernando.cl\/wp-content\/uploads\/2023\/11\/Imagen-2.png?w=352&amp;ssl=1 352w, https:\/\/i0.wp.com\/doctorfernando.cl\/wp-content\/uploads\/2023\/11\/Imagen-2.png?resize=300%2C238&amp;ssl=1 300w\" sizes=\"auto, (max-width: 300px) 100vw, 300px\" data-recalc-dims=\"1\" \/><\/figure>\n\n\n\n<p class=\"has-text-align-justify has-medium-font-size\">Esta complicaci\u00f3n es la adenitis BCG, un ganglio sat\u00e9lite al sitio de inoculaci\u00f3n que se enrojece, se inflama y molesta bastante al ni\u00f1o.&nbsp; Tiene buen tratamiento, pero a costa de varias asistencias al consultorio.&nbsp;<\/p>\n\n\n\n<p class=\"has-text-align-justify has-medium-font-size\">Aqu\u00ed el principal problema est\u00e1 en que desde que aparece la adenitis BCG hasta que empieza el latoso tratamiento puede pasar un mes, justo cuando toca la inoculaci\u00f3n de los dos meses.&nbsp; Me pregunto: \u00bfQu\u00e9 inter\u00e9s van a tener los padres de vacunar a su guagua si, aunque les aseguren puras bendiciones tal vez haya alguna complicaci\u00f3n?<\/p>\n\n\n\n<p class=\"has-text-align-justify has-medium-font-size\">b) La segunda raz\u00f3n que induce a no vacunarse es que las enfermedades infectocontagiosas o \u201cpegativas\u201d aparecen como lejanas en la actualidad.&nbsp; Es cierto que a excepci\u00f3n del Covid y la influenza todas las enfermedades pegativas graves se baten en retirada.&nbsp; Probablemente no desaparecer\u00e1n nunca, pero se han ido convirtiendo en casos aislados. Los padres piensan que a sus hijos no les afectar\u00e1n, porque no conocen a ning\u00fan primito o compa\u00f1erito de colegio que la haya padecido.&nbsp; Seguramente se preguntar\u00e1n, \u00bfpara qu\u00e9 vacunarlos entonces?<\/p>\n\n\n\n<p class=\"has-text-align-justify has-medium-font-size\">c) El tercer motivo es la <em>p\u00e9rdida de las oportunidades de vacunaci\u00f3n<\/em>, una \u201cresta hormiga\u201d, en la cual los m\u00e9dicos no somos ajenos.<\/p>\n\n\n\n<p class=\"has-text-align-justify has-medium-font-size\">Los programas de vacunaci\u00f3n est\u00e1n calendarizados por edad del ni\u00f1o y cada vez es m\u00e1s corriente que tengan una citaci\u00f3n previa. Si no se aprovecha hay que volver a agendar la hora.&nbsp; Es bastante com\u00fan que no se asista a la hora agendada, ya sea porque la madre lo olvida, el consultorio ese d\u00eda no atiende, o el ni\u00f1o est\u00e1 resfriado.&nbsp; Muchas veces la madre le pregunta a su pediatra si puede vacunar al ni\u00f1o pese a estar resfriado y el m\u00e9dico, sin pensarlo mucho le dice que mejor no, que espere unos d\u00edas, sin darse cuenta en todo lo que se pierde al tener que reagendar una hora.&nbsp; El resfr\u00edo no es ninguna contraindicaci\u00f3n de vacunar.<\/p>\n\n\n\n<figure class=\"wp-block-image size-large is-resized\"><img loading=\"lazy\" decoding=\"async\" src=\"https:\/\/i0.wp.com\/doctorfernando.cl\/wp-content\/uploads\/2023\/11\/4.png?resize=444%2C444&#038;ssl=1\" alt=\"\" class=\"wp-image-3557\" width=\"444\" height=\"444\" srcset=\"https:\/\/i0.wp.com\/doctorfernando.cl\/wp-content\/uploads\/2023\/11\/4.png?resize=1024%2C1024&amp;ssl=1 1024w, https:\/\/i0.wp.com\/doctorfernando.cl\/wp-content\/uploads\/2023\/11\/4.png?resize=300%2C300&amp;ssl=1 300w, https:\/\/i0.wp.com\/doctorfernando.cl\/wp-content\/uploads\/2023\/11\/4.png?resize=150%2C150&amp;ssl=1 150w, https:\/\/i0.wp.com\/doctorfernando.cl\/wp-content\/uploads\/2023\/11\/4.png?resize=768%2C768&amp;ssl=1 768w, https:\/\/i0.wp.com\/doctorfernando.cl\/wp-content\/uploads\/2023\/11\/4.png?w=1080&amp;ssl=1 1080w\" sizes=\"auto, (max-width: 444px) 100vw, 444px\" data-recalc-dims=\"1\" \/><\/figure>\n","protected":false},"excerpt":{"rendered":"<p>Una realidad que se presenta Chile y el mundo es el sentimiento de cansancio frente a la conveniencia de vacunarse.&nbsp; <\/p>\n<div class=\"read-more-text\"><a href=\"https:\/\/doctorfernando.cl\/index.php\/2023\/11\/02\/pocos-se-vacunan-porque\/\" class=\"read-more\">Continuar leyendo<\/a><\/div>\n","protected":false},"author":1,"featured_media":0,"comment_status":"closed","ping_status":"closed","sticky":false,"template":"","format":"standard","meta":{"footnotes":""},"categories":[1],"tags":[],"class_list":["post-3553","post","type-post","status-publish","format-standard","hentry","category-el-doctor-lo-dijo"],"jetpack_featured_media_url":"","_links":{"self":[{"href":"https:\/\/doctorfernando.cl\/index.php\/wp-json\/wp\/v2\/posts\/3553","targetHints":{"allow":["GET"]}}],"collection":[{"href":"https:\/\/doctorfernando.cl\/index.php\/wp-json\/wp\/v2\/posts"}],"about":[{"href":"https:\/\/doctorfernando.cl\/index.php\/wp-json\/wp\/v2\/types\/post"}],"author":[{"embeddable":true,"href":"https:\/\/doctorfernando.cl\/index.php\/wp-json\/wp\/v2\/users\/1"}],"replies":[{"embeddable":true,"href":"https:\/\/doctorfernando.cl\/index.php\/wp-json\/wp\/v2\/comments?post=3553"}],"version-history":[{"count":3,"href":"https:\/\/doctorfernando.cl\/index.php\/wp-json\/wp\/v2\/posts\/3553\/revisions"}],"predecessor-version":[{"id":3560,"href":"https:\/\/doctorfernando.cl\/index.php\/wp-json\/wp\/v2\/posts\/3553\/revisions\/3560"}],"wp:attachment":[{"href":"https:\/\/doctorfernando.cl\/index.php\/wp-json\/wp\/v2\/media?parent=3553"}],"wp:term":[{"taxonomy":"category","embeddable":true,"href":"https:\/\/doctorfernando.cl\/index.php\/wp-json\/wp\/v2\/categories?post=3553"},{"taxonomy":"post_tag","embeddable":true,"href":"https:\/\/doctorfernando.cl\/index.php\/wp-json\/wp\/v2\/tags?post=3553"}],"curies":[{"name":"wp","href":"https:\/\/api.w.org\/{rel}","templated":true}]}}