{"id":3521,"date":"2023-08-02T14:58:05","date_gmt":"2023-08-02T18:58:05","guid":{"rendered":"https:\/\/doctorfernando.cl\/?p=3521"},"modified":"2023-08-09T16:23:22","modified_gmt":"2023-08-09T20:23:22","slug":"pie-bot-o-equino-varo","status":"publish","type":"post","link":"https:\/\/doctorfernando.cl\/index.php\/2023\/08\/02\/pie-bot-o-equino-varo\/","title":{"rendered":"PIE BOT O EQUINO VARO"},"content":{"rendered":"\n<p class=\"has-text-align-justify has-medium-font-size\">Con alguna frecuencia suelen nacer ni\u00f1os con ambos pies girados hacia adentro, Es el llamado pie Bot o zambo, que muchas veces no se descubre en los controles ecogr\u00e1ficos de la embarazada y los padres se enteran de esta deformidad al momento del parto. \u00a0<\/p>\n\n\n\n<figure class=\"wp-block-image size-full is-resized is-style-default\"><img loading=\"lazy\" decoding=\"async\" src=\"https:\/\/i0.wp.com\/doctorfernando.cl\/wp-content\/uploads\/2023\/08\/80134393_1155827461286922_6831594364205006848_n-2.jpg?resize=438%2C346&#038;ssl=1\" alt=\"\" class=\"wp-image-3525\" width=\"438\" height=\"346\" srcset=\"https:\/\/i0.wp.com\/doctorfernando.cl\/wp-content\/uploads\/2023\/08\/80134393_1155827461286922_6831594364205006848_n-2.jpg?w=740&amp;ssl=1 740w, https:\/\/i0.wp.com\/doctorfernando.cl\/wp-content\/uploads\/2023\/08\/80134393_1155827461286922_6831594364205006848_n-2.jpg?resize=300%2C237&amp;ssl=1 300w\" sizes=\"auto, (max-width: 438px) 100vw, 438px\" data-recalc-dims=\"1\" \/><figcaption><strong>Pie Bot al nacer<\/strong><\/figcaption><\/figure>\n\n\n\n<p class=\"has-text-align-justify has-medium-font-size\">Lo m\u00e1s destacado es el giro hacia adentro del ante pie.&nbsp; M\u00e1s tarde, cuando ya el ni\u00f1o camina destaca principalmente el equino, que semeja la pata de un caballo, de ah\u00ed el nombre.<\/p>\n\n\n\n<p class=\"has-text-align-justify has-medium-font-size\">La mayor\u00eda de las veces se comprometen ambos pies.&nbsp; Menos frecuentemente s\u00f3lo uno.&nbsp; En este \u00faltimo caso, existe la posibilidad que la alteraci\u00f3n no sea estructural sino solamente postural, de manejo much\u00edsimo m\u00e1s f\u00e1cil. &nbsp;<\/p>\n\n\n\n<p class=\"has-text-align-justify has-medium-font-size\">Nos referiremos al pie zambo estructural. Esta malformaci\u00f3n salta a la vista al momento de nacer, bastando el examen f\u00edsico para su diagn\u00f3stico. De todos modos, es necesario hacer una radiograf\u00eda de ambos pies, como tambi\u00e9n de pelvis por la posibilidad que se asocie a una displasia de caderas.\u00a0 El estudio se completa con una ecotomograf\u00eda de columna para descartar que exista alguna anomal\u00eda a este nivel.\u00a0<\/p>\n\n\n\n<p class=\"has-text-align-justify has-medium-font-size\">El tratamiento lo hace un m\u00e9dico ortopedista infantil.\u00a0 Las t\u00e9cnicas se han ido simplificando notablemente.\u00a0 Ahora se coloca una bota de yeso en cada pierna, dejando s\u00f3lo los dedos fuera.<\/p>\n\n\n\n<figure class=\"wp-block-image size-large is-resized\"><img loading=\"lazy\" decoding=\"async\" src=\"https:\/\/i0.wp.com\/doctorfernando.cl\/wp-content\/uploads\/2023\/08\/DSC_6130-1-scaled-e1666886741303-1024x612.jpg?resize=434%2C259&#038;ssl=1\" alt=\"\" class=\"wp-image-3523\" width=\"434\" height=\"259\" srcset=\"https:\/\/i0.wp.com\/doctorfernando.cl\/wp-content\/uploads\/2023\/08\/DSC_6130-1-scaled-e1666886741303.jpg?resize=1024%2C612&amp;ssl=1 1024w, https:\/\/i0.wp.com\/doctorfernando.cl\/wp-content\/uploads\/2023\/08\/DSC_6130-1-scaled-e1666886741303.jpg?resize=300%2C179&amp;ssl=1 300w, https:\/\/i0.wp.com\/doctorfernando.cl\/wp-content\/uploads\/2023\/08\/DSC_6130-1-scaled-e1666886741303.jpg?resize=768%2C459&amp;ssl=1 768w, https:\/\/i0.wp.com\/doctorfernando.cl\/wp-content\/uploads\/2023\/08\/DSC_6130-1-scaled-e1666886741303.jpg?w=1111&amp;ssl=1 1111w\" sizes=\"auto, (max-width: 434px) 100vw, 434px\" data-recalc-dims=\"1\" \/><figcaption><strong>Bota de yeso para alineaci\u00f3n.\u00a0 Los dedos deben quedar afuera<\/strong><\/figcaption><\/figure>\n\n\n\n<p class=\"has-text-align-justify has-medium-font-size\">Hacia el cuarto o quinto yeso (dos meses) los pies debieran estar alineados. Si a\u00fan persisten deformidades, el pie Bot se opera, alargando el tend\u00f3n de Aquiles, para centrar bien la articulaci\u00f3n del tobillo.<\/p>\n\n\n\n<p class=\"has-text-align-justify has-medium-font-size\">Despu\u00e9s de la intervenci\u00f3n se requerir\u00e1n zapatos especiales de diversa complejidad que asegurar\u00e1n la alineaci\u00f3n definitiva de los pies.&nbsp;<\/p>\n\n\n\n<figure class=\"wp-block-image size-full is-resized\"><img loading=\"lazy\" decoding=\"async\" src=\"https:\/\/i0.wp.com\/doctorfernando.cl\/wp-content\/uploads\/2023\/08\/Calzado-con-barra-de-fijacion.jpg?resize=277%2C185&#038;ssl=1\" alt=\"\" class=\"wp-image-3526\" width=\"277\" height=\"185\" data-recalc-dims=\"1\" \/><figcaption><strong>Fijaci\u00f3n del taco del calzado<\/strong><\/figcaption><\/figure>\n\n\n\n<figure class=\"wp-block-image size-full is-resized\"><img loading=\"lazy\" decoding=\"async\" src=\"https:\/\/i0.wp.com\/doctorfernando.cl\/wp-content\/uploads\/2023\/08\/ferula-antiequina-de-planta-entera-pediatrica-polipropileno-moldeado-talla-unica-afo020p-emo.jpg?resize=280%2C280&#038;ssl=1\" alt=\"\" class=\"wp-image-3529\" width=\"280\" height=\"280\" srcset=\"https:\/\/i0.wp.com\/doctorfernando.cl\/wp-content\/uploads\/2023\/08\/ferula-antiequina-de-planta-entera-pediatrica-polipropileno-moldeado-talla-unica-afo020p-emo.jpg?w=316&amp;ssl=1 316w, https:\/\/i0.wp.com\/doctorfernando.cl\/wp-content\/uploads\/2023\/08\/ferula-antiequina-de-planta-entera-pediatrica-polipropileno-moldeado-talla-unica-afo020p-emo.jpg?resize=300%2C300&amp;ssl=1 300w, https:\/\/i0.wp.com\/doctorfernando.cl\/wp-content\/uploads\/2023\/08\/ferula-antiequina-de-planta-entera-pediatrica-polipropileno-moldeado-talla-unica-afo020p-emo.jpg?resize=150%2C150&amp;ssl=1 150w\" sizes=\"auto, (max-width: 280px) 100vw, 280px\" data-recalc-dims=\"1\" \/><figcaption><strong>Correcci\u00f3n del equino<\/strong><\/figcaption><\/figure>\n\n\n\n<p class=\"has-text-align-justify has-medium-font-size\">El seguimiento de estos ni\u00f1os con pie bot corregido quir\u00fargicamente se mantiene un tiempo variable, entre dos y cinco a\u00f1os, buscando signos tempranos de reaparici\u00f3n de la deformidad.<\/p>\n\n\n\n<p class=\"has-text-align-justify has-medium-font-size\">Se\u00f1alemos finalmente que a lo largo de la historia ha habido much\u00edsimos personajes famosos con esta anormalidad. Recordemos, tan solo, a Juan Ram\u00f3n el popular cantante argentino de los setenta, que lleg\u00f3 a hacer musicales en Norteam\u00e9rica a pesar de su deformidad.<\/p>\n\n\n\n<figure class=\"wp-block-image size-full is-resized\"><img loading=\"lazy\" decoding=\"async\" src=\"https:\/\/i0.wp.com\/doctorfernando.cl\/wp-content\/uploads\/2023\/08\/Juan_ramon_1965.jpg?resize=287%2C347&#038;ssl=1\" alt=\"\" class=\"wp-image-3530\" width=\"287\" height=\"347\" srcset=\"https:\/\/i0.wp.com\/doctorfernando.cl\/wp-content\/uploads\/2023\/08\/Juan_ramon_1965.jpg?w=330&amp;ssl=1 330w, https:\/\/i0.wp.com\/doctorfernando.cl\/wp-content\/uploads\/2023\/08\/Juan_ramon_1965.jpg?resize=248%2C300&amp;ssl=1 248w\" sizes=\"auto, (max-width: 287px) 100vw, 287px\" data-recalc-dims=\"1\" \/><figcaption><strong>Juan Ram\u00f3n, cantante<\/strong><\/figcaption><\/figure>\n\n\n\n<p><\/p>\n","protected":false},"excerpt":{"rendered":"<p>Con alguna frecuencia suelen nacer ni\u00f1os con ambos pies girados hacia adentro, Es el llamado pie Bot o zambo, que <\/p>\n<div class=\"read-more-text\"><a href=\"https:\/\/doctorfernando.cl\/index.php\/2023\/08\/02\/pie-bot-o-equino-varo\/\" class=\"read-more\">Continuar leyendo<\/a><\/div>\n","protected":false},"author":1,"featured_media":0,"comment_status":"closed","ping_status":"closed","sticky":false,"template":"","format":"standard","meta":{"footnotes":""},"categories":[1],"tags":[],"class_list":["post-3521","post","type-post","status-publish","format-standard","hentry","category-el-doctor-lo-dijo"],"jetpack_featured_media_url":"","_links":{"self":[{"href":"https:\/\/doctorfernando.cl\/index.php\/wp-json\/wp\/v2\/posts\/3521","targetHints":{"allow":["GET"]}}],"collection":[{"href":"https:\/\/doctorfernando.cl\/index.php\/wp-json\/wp\/v2\/posts"}],"about":[{"href":"https:\/\/doctorfernando.cl\/index.php\/wp-json\/wp\/v2\/types\/post"}],"author":[{"embeddable":true,"href":"https:\/\/doctorfernando.cl\/index.php\/wp-json\/wp\/v2\/users\/1"}],"replies":[{"embeddable":true,"href":"https:\/\/doctorfernando.cl\/index.php\/wp-json\/wp\/v2\/comments?post=3521"}],"version-history":[{"count":2,"href":"https:\/\/doctorfernando.cl\/index.php\/wp-json\/wp\/v2\/posts\/3521\/revisions"}],"predecessor-version":[{"id":3543,"href":"https:\/\/doctorfernando.cl\/index.php\/wp-json\/wp\/v2\/posts\/3521\/revisions\/3543"}],"wp:attachment":[{"href":"https:\/\/doctorfernando.cl\/index.php\/wp-json\/wp\/v2\/media?parent=3521"}],"wp:term":[{"taxonomy":"category","embeddable":true,"href":"https:\/\/doctorfernando.cl\/index.php\/wp-json\/wp\/v2\/categories?post=3521"},{"taxonomy":"post_tag","embeddable":true,"href":"https:\/\/doctorfernando.cl\/index.php\/wp-json\/wp\/v2\/tags?post=3521"}],"curies":[{"name":"wp","href":"https:\/\/api.w.org\/{rel}","templated":true}]}}