{"id":3509,"date":"2023-05-08T12:18:16","date_gmt":"2023-05-08T16:18:16","guid":{"rendered":"https:\/\/doctorfernando.cl\/?p=3509"},"modified":"2023-05-08T12:20:13","modified_gmt":"2023-05-08T16:20:13","slug":"medicamentos-y-lactancia","status":"publish","type":"post","link":"https:\/\/doctorfernando.cl\/index.php\/2023\/05\/08\/medicamentos-y-lactancia\/","title":{"rendered":"MEDICAMENTOS Y LACTANCIA"},"content":{"rendered":"\n<figure class=\"wp-block-image size-large is-resized\"><img loading=\"lazy\" decoding=\"async\" src=\"https:\/\/i0.wp.com\/doctorfernando.cl\/wp-content\/uploads\/2023\/05\/Imagen4.jpg?resize=379%2C212&#038;ssl=1\" alt=\"\" class=\"wp-image-3510\" width=\"379\" height=\"212\" srcset=\"https:\/\/i0.wp.com\/doctorfernando.cl\/wp-content\/uploads\/2023\/05\/Imagen4.jpg?resize=1024%2C576&amp;ssl=1 1024w, https:\/\/i0.wp.com\/doctorfernando.cl\/wp-content\/uploads\/2023\/05\/Imagen4.jpg?resize=300%2C169&amp;ssl=1 300w, https:\/\/i0.wp.com\/doctorfernando.cl\/wp-content\/uploads\/2023\/05\/Imagen4.jpg?resize=768%2C432&amp;ssl=1 768w, https:\/\/i0.wp.com\/doctorfernando.cl\/wp-content\/uploads\/2023\/05\/Imagen4.jpg?w=1311&amp;ssl=1 1311w\" sizes=\"auto, (max-width: 379px) 100vw, 379px\" data-recalc-dims=\"1\" \/><\/figure>\n\n\n\n<p class=\"has-text-align-justify has-medium-font-size\">El sentido com\u00fan sugiere que el tratamiento farmacol\u00f3gico que recibe una madre que amamanta puede ser riesgoso para el beb\u00e9, sobre todo en los primeros meses de vida y si la guagua ha sido prematura. Sin embargo, desaconsejar el uso de algunos medicamentos maternos, o peor a\u00fan, quitar la lactancia cuando el medicamento materno es imprescindible, debe apoyarse en lecturas especializadas y meditadas por parte del m\u00e9dico o farmac\u00e9utico sobre los eventuales riesgos y no en informaci\u00f3n no referenciada o en prejuicios cl\u00ednicos.<\/p>\n\n\n\n<p class=\"has-text-align-justify has-medium-font-size\">Para que un remedio ingerido por la madre pueda afectar al lactante, primero debe haber sido captado por el lactocito mamario y luego excretarlo a la leche materna. El lactocito tiene dificultades para excretar muchos medicamentos que llegaron a \u00e9l a trav\u00e9s de la sangre y los linf\u00e1ticos. Asimismo, las cremas y ung\u00fcentos dermatol\u00f3gicos sencillamente no llegan a \u00e9l o lo hacen en concentraci\u00f3n tan insignificante que no afectan al beb\u00e9. La \u00fanica excepci\u00f3n es el yodo.<\/p>\n\n\n\n<p class=\"has-text-align-justify has-medium-font-size\">Adem\u00e1s, hay otra barrera importante: las sustancias que tienen baja biodisponibilidad oral, aunque hayan llegado a la leche, quedan retenidas en el intestino del lactante, no alcanzando la circulaci\u00f3n del ni\u00f1o, teniendo, como mucho, efectos gastrointestinales locales. Esto puede ser matizable en el caso de prematuros y en el periodo neonatal inmediato, circunstancias en las que la absorci\u00f3n intestinal est\u00e1 aumentada.<\/p>\n\n\n\n<p class=\"has-text-align-justify has-medium-font-size\">Por \u00faltimo, si un medicamento indicado a la madre es de uso habitual en pediatr\u00eda, el riesgo para el lactante de recibirlas en cantidades m\u00ednimas a trav\u00e9s de la leche materna, va a ser insignificante.<\/p>\n\n\n\n<p class=\"has-text-align-justify has-medium-font-size\">El tratamiento farmacol\u00f3gico es una de las tres razones principales de abandono del amamantamiento, a pesar de lo se\u00f1alado y de que la mayor\u00eda de los medicamentos actuales son compatibles con la lactancia.<\/p>\n\n\n\n<p class=\"has-text-align-justify has-medium-font-size\">Les corresponde al pediatra, obstetra y al farmac\u00e9utico aclarar la situaci\u00f3n y contribuir a la mantenci\u00f3n de la lactancia.<\/p>\n\n\n\n<p class=\"has-text-align-justify has-medium-font-size\">Las principales razones para la medicaci\u00f3n de las madres, referidas por ellas mismas, fueron principalmente para combatir el dolor de cabeza y por una concentraci\u00f3n elevada de glucosa en la sangre.<\/p>\n\n\n\n<p class=\"has-text-align-justify has-medium-font-size\">Sin pretender ser tablas completas, se presentan dos listas de los f\u00e1rmacos m\u00e1s comunes que no son peligrosos de modo alguno y los que est\u00e1n contraindicados.<\/p>\n\n\n\n<figure class=\"wp-block-image size-full is-resized\"><img loading=\"lazy\" decoding=\"async\" src=\"https:\/\/i0.wp.com\/doctorfernando.cl\/wp-content\/uploads\/2023\/05\/Imagen6.jpg?resize=440%2C241&#038;ssl=1\" alt=\"\" class=\"wp-image-3511\" width=\"440\" height=\"241\" srcset=\"https:\/\/i0.wp.com\/doctorfernando.cl\/wp-content\/uploads\/2023\/05\/Imagen6.jpg?w=450&amp;ssl=1 450w, https:\/\/i0.wp.com\/doctorfernando.cl\/wp-content\/uploads\/2023\/05\/Imagen6.jpg?resize=300%2C164&amp;ssl=1 300w\" sizes=\"auto, (max-width: 440px) 100vw, 440px\" data-recalc-dims=\"1\" \/><\/figure>\n\n\n\n<figure class=\"wp-block-image size-full is-resized\"><img loading=\"lazy\" decoding=\"async\" src=\"https:\/\/i0.wp.com\/doctorfernando.cl\/wp-content\/uploads\/2023\/05\/Imagen8.png?resize=640%2C535&#038;ssl=1\" alt=\"\" class=\"wp-image-3512\" width=\"640\" height=\"535\" srcset=\"https:\/\/i0.wp.com\/doctorfernando.cl\/wp-content\/uploads\/2023\/05\/Imagen8.png?w=613&amp;ssl=1 613w, https:\/\/i0.wp.com\/doctorfernando.cl\/wp-content\/uploads\/2023\/05\/Imagen8.png?resize=300%2C251&amp;ssl=1 300w\" sizes=\"auto, (max-width: 640px) 100vw, 640px\" data-recalc-dims=\"1\" \/><\/figure>\n\n\n\n<figure class=\"wp-block-image size-full is-resized\"><img loading=\"lazy\" decoding=\"async\" src=\"https:\/\/i0.wp.com\/doctorfernando.cl\/wp-content\/uploads\/2023\/05\/Imagen9.png?resize=639%2C232&#038;ssl=1\" alt=\"\" class=\"wp-image-3513\" width=\"639\" height=\"232\" srcset=\"https:\/\/i0.wp.com\/doctorfernando.cl\/wp-content\/uploads\/2023\/05\/Imagen9.png?w=524&amp;ssl=1 524w, https:\/\/i0.wp.com\/doctorfernando.cl\/wp-content\/uploads\/2023\/05\/Imagen9.png?resize=300%2C109&amp;ssl=1 300w\" sizes=\"auto, (max-width: 639px) 100vw, 639px\" data-recalc-dims=\"1\" \/><\/figure>\n\n\n\n<figure class=\"wp-block-image size-large is-resized\"><img loading=\"lazy\" decoding=\"async\" src=\"https:\/\/i0.wp.com\/doctorfernando.cl\/wp-content\/uploads\/2023\/05\/Imagen7.jpg?resize=444%2C278&#038;ssl=1\" alt=\"\" class=\"wp-image-3514\" width=\"444\" height=\"278\" srcset=\"https:\/\/i0.wp.com\/doctorfernando.cl\/wp-content\/uploads\/2023\/05\/Imagen7.jpg?resize=1024%2C640&amp;ssl=1 1024w, https:\/\/i0.wp.com\/doctorfernando.cl\/wp-content\/uploads\/2023\/05\/Imagen7.jpg?resize=300%2C187&amp;ssl=1 300w, https:\/\/i0.wp.com\/doctorfernando.cl\/wp-content\/uploads\/2023\/05\/Imagen7.jpg?resize=768%2C480&amp;ssl=1 768w, https:\/\/i0.wp.com\/doctorfernando.cl\/wp-content\/uploads\/2023\/05\/Imagen7.jpg?w=1335&amp;ssl=1 1335w, https:\/\/i0.wp.com\/doctorfernando.cl\/wp-content\/uploads\/2023\/05\/Imagen7.jpg?w=1280&amp;ssl=1 1280w\" sizes=\"auto, (max-width: 444px) 100vw, 444px\" data-recalc-dims=\"1\" \/><\/figure>\n\n\n\n<p class=\"has-text-align-justify has-medium-font-size\">El empleo de tinturas para el cabello merece un comentario especial.\u00a0 Esos tintes se dividen en dos grandes grupos: los naturales, de menor riesgo, que contienen henna que ti\u00f1e el pelo de un color casta\u00f1o;\u00a0 \u00a0manzanilla por su efecto \u201cmechas\u201d; el azafr\u00e1n que deja una coloraci\u00f3n rubia, entre otras plantas.\u00a0 Paralelamente existen los sint\u00e9ticos, derivados principalmente del amon\u00edaco y diversas anilinas, que no deben usarse.<\/p>\n\n\n\n<p class=\"has-text-align-justify has-medium-font-size\">El amoniaco y sus vapores pueden ser riesgosos para el beb\u00e9, por lo que aconsejo no emplearlos mientras se amamante. Esta recomendaci\u00f3n tambi\u00e9n vale para la peluquera, cr\u00f3nicamente expuesta a esas sustancias, que debe trabajar con guantes y en un lugar bien ventilado. \u00a0<\/p>\n","protected":false},"excerpt":{"rendered":"<p>El sentido com\u00fan sugiere que el tratamiento farmacol\u00f3gico que recibe una madre que amamanta puede ser riesgoso para el beb\u00e9, <\/p>\n<div class=\"read-more-text\"><a href=\"https:\/\/doctorfernando.cl\/index.php\/2023\/05\/08\/medicamentos-y-lactancia\/\" class=\"read-more\">Continuar leyendo<\/a><\/div>\n","protected":false},"author":1,"featured_media":0,"comment_status":"closed","ping_status":"closed","sticky":false,"template":"","format":"standard","meta":{"footnotes":""},"categories":[1],"tags":[],"class_list":["post-3509","post","type-post","status-publish","format-standard","hentry","category-el-doctor-lo-dijo"],"jetpack_featured_media_url":"","_links":{"self":[{"href":"https:\/\/doctorfernando.cl\/index.php\/wp-json\/wp\/v2\/posts\/3509","targetHints":{"allow":["GET"]}}],"collection":[{"href":"https:\/\/doctorfernando.cl\/index.php\/wp-json\/wp\/v2\/posts"}],"about":[{"href":"https:\/\/doctorfernando.cl\/index.php\/wp-json\/wp\/v2\/types\/post"}],"author":[{"embeddable":true,"href":"https:\/\/doctorfernando.cl\/index.php\/wp-json\/wp\/v2\/users\/1"}],"replies":[{"embeddable":true,"href":"https:\/\/doctorfernando.cl\/index.php\/wp-json\/wp\/v2\/comments?post=3509"}],"version-history":[{"count":1,"href":"https:\/\/doctorfernando.cl\/index.php\/wp-json\/wp\/v2\/posts\/3509\/revisions"}],"predecessor-version":[{"id":3515,"href":"https:\/\/doctorfernando.cl\/index.php\/wp-json\/wp\/v2\/posts\/3509\/revisions\/3515"}],"wp:attachment":[{"href":"https:\/\/doctorfernando.cl\/index.php\/wp-json\/wp\/v2\/media?parent=3509"}],"wp:term":[{"taxonomy":"category","embeddable":true,"href":"https:\/\/doctorfernando.cl\/index.php\/wp-json\/wp\/v2\/categories?post=3509"},{"taxonomy":"post_tag","embeddable":true,"href":"https:\/\/doctorfernando.cl\/index.php\/wp-json\/wp\/v2\/tags?post=3509"}],"curies":[{"name":"wp","href":"https:\/\/api.w.org\/{rel}","templated":true}]}}