{"id":3484,"date":"2022-12-21T12:19:54","date_gmt":"2022-12-21T15:19:54","guid":{"rendered":"https:\/\/doctorfernando.cl\/?p=3484"},"modified":"2022-12-22T20:21:42","modified_gmt":"2022-12-22T23:21:42","slug":"el-nino-esta-con-fiebre","status":"publish","type":"post","link":"https:\/\/doctorfernando.cl\/index.php\/2022\/12\/21\/el-nino-esta-con-fiebre\/","title":{"rendered":"EL NI\u00d1O EST\u00c1 CON FIEBRE"},"content":{"rendered":"\n<p class=\"has-text-align-justify has-medium-font-size\"><em>Hoy d\u00eda, la fiebre es el motivo de consulta m\u00e1s com\u00fan en pediatr\u00eda. Ello es explicable, por su estrecha relaci\u00f3n con la preponderancia de cuadros respiratorios agudos.<\/em><\/p>\n\n\n\n<p class=\"has-text-align-justify has-medium-font-size\"><em>Lo que llama la atenci\u00f3n es la importancia absoluta que le dan los padres a este signo. Otras veces destaca lo prolongada de \u00e9sta, la recurrencia, \u00a0la ausencia de otros s\u00edntomas que normalmente la acompa\u00f1an y otros.<\/em><\/p>\n\n\n\n<p class=\"has-text-align-justify has-medium-font-size\"><em>Ya que se trata de un signo\/s\u00edntoma que motiva tantas consultas, aportemos informaci\u00f3n que puede ser \u00fatil.\u00a0<\/em><\/p>\n\n\n\n<figure class=\"wp-block-image size-full\"><img loading=\"lazy\" decoding=\"async\" width=\"450\" height=\"300\" src=\"https:\/\/i0.wp.com\/doctorfernando.cl\/wp-content\/uploads\/2022\/12\/450_1000.jpg?resize=450%2C300&#038;ssl=1\" alt=\"\" class=\"wp-image-3485\" srcset=\"https:\/\/i0.wp.com\/doctorfernando.cl\/wp-content\/uploads\/2022\/12\/450_1000.jpg?w=450&amp;ssl=1 450w, https:\/\/i0.wp.com\/doctorfernando.cl\/wp-content\/uploads\/2022\/12\/450_1000.jpg?resize=300%2C200&amp;ssl=1 300w\" sizes=\"auto, (max-width: 450px) 100vw, 450px\" data-recalc-dims=\"1\" \/><\/figure>\n\n\n\n<p class=\"has-text-align-justify has-medium-font-size\">Un ni\u00f1o tiene fiebre cuando la temperatura axilar es igual o mayor de 38 grados. Entre 37 y 37.5 hablamos de febr\u00edcula, que tiene escaso significado cl\u00ednico. Hay que tener presente que los term\u00f3metros convencionales traen se\u00f1alado en rojo los 37 grados, contribuyendo a crear una equivocada imagen de gravedad.<\/p>\n\n\n\n<p class=\"has-text-align-justify has-medium-font-size\">Es muy importante recordar que la temperatura normal no es un valor fijo, sino que tiene oscilaciones a lo largo de las 24 horas.\u00a0 As\u00ed, muchos ni\u00f1os sanos tienen en la ma\u00f1ana 36 a 36.5 \u00b0C y en la tarde la temperatura se puede empinar por sobre los 37 grados. Cada persona tiene su propia curva t\u00e9rmica. Tambi\u00e9n hay que tener presente que, si la fiebre se va a medir en la axila, \u00e9sta debe estar seca, sin traspiraci\u00f3n y el term\u00f3metro debe colocarse en el hueco de la axila y tapado por el brazo.<\/p>\n\n\n\n<figure class=\"wp-block-image size-full is-resized\"><img loading=\"lazy\" decoding=\"async\" src=\"https:\/\/i0.wp.com\/doctorfernando.cl\/wp-content\/uploads\/2022\/12\/fiebre.jpg?resize=423%2C282&#038;ssl=1\" alt=\"\" class=\"wp-image-3486\" width=\"423\" height=\"282\" srcset=\"https:\/\/i0.wp.com\/doctorfernando.cl\/wp-content\/uploads\/2022\/12\/fiebre.jpg?w=308&amp;ssl=1 308w, https:\/\/i0.wp.com\/doctorfernando.cl\/wp-content\/uploads\/2022\/12\/fiebre.jpg?resize=300%2C200&amp;ssl=1 300w\" sizes=\"auto, (max-width: 423px) 100vw, 423px\" data-recalc-dims=\"1\" \/><\/figure>\n\n\n\n<p class=\"has-text-align-justify has-medium-font-size\">La temperatura muy elevada es un signo objetivo y sencillo de medir. Si est\u00e1 presente, significa que algo marcha mal en la salud de una persona, particularmente si se trata de un ni\u00f1o.\u00a0 No dice nada con respecto a la etiolog\u00eda.<\/p>\n\n\n\n<p class=\"has-text-align-justify has-medium-font-size\">Hay que agregar que la fiebre tiene \u00a0significados distintos seg\u00fan la edad del ni\u00f1o. Un beb\u00e9 de 1 semana con 39.5 grados es altamente posible que tenga una infecci\u00f3n bacteriana, mientras que para un lactante de 10 meses puede ser s\u00f3lo una virosis transitoria.<\/p>\n\n\n\n<p class=\"has-text-align-justify has-medium-font-size\">Muchos padres suelen creer que cualquier alza t\u00e9rmica es da\u00f1ina para el ni\u00f1o e inmediatamente empiezan a administrarle dosis repetidas de alg\u00fan antit\u00e9rmico. Gran error, privan al m\u00e9dico de signos finos orientadores de la etiolog\u00eda del cuadro. Temperaturas por debajo de los 39 grados pueden dejarse evolucionar hasta que el ni\u00f1o sea examinado por el m\u00e9dico o a lo m\u00e1s, aplicar medidas f\u00edsicas, como un ba\u00f1o de tina tibio.<\/p>\n\n\n\n<figure class=\"wp-block-image size-full is-resized\"><img loading=\"lazy\" decoding=\"async\" src=\"https:\/\/i0.wp.com\/doctorfernando.cl\/wp-content\/uploads\/2022\/12\/rinitis-1-768x513-1.jpg?resize=443%2C296&#038;ssl=1\" alt=\"\" class=\"wp-image-3487\" width=\"443\" height=\"296\" srcset=\"https:\/\/i0.wp.com\/doctorfernando.cl\/wp-content\/uploads\/2022\/12\/rinitis-1-768x513-1.jpg?w=768&amp;ssl=1 768w, https:\/\/i0.wp.com\/doctorfernando.cl\/wp-content\/uploads\/2022\/12\/rinitis-1-768x513-1.jpg?resize=300%2C200&amp;ssl=1 300w\" sizes=\"auto, (max-width: 443px) 100vw, 443px\" data-recalc-dims=\"1\" \/><\/figure>\n\n\n\n<p class=\"has-text-align-justify has-medium-font-size\">Pueden ser \u00fatiles los siguientes criterios para consultar al m\u00e9dico: 1) fiebre de m\u00e1s de 4 horas\u00a0 en el ni\u00f1o menor de 3 meses de vida; 2) fiebre acompa\u00f1ada de dolor de cabeza, somnolencia o irritabilidad; 3) otros s\u00edntomas o signos como v\u00f3mitos, diarrea, dolor abdominal o para orinar 4) otalgia; 5) manchas o eritemas en la piel; 6) tos o dificultad para respirar; 7) dolor articular o cojera; 8) fiebre que se prolonga por m\u00e1s de cuatro d\u00edas; 9) antecedentes de convulsiones.<\/p>\n\n\n\n<figure class=\"wp-block-image size-full\"><img loading=\"lazy\" decoding=\"async\" width=\"364\" height=\"179\" src=\"https:\/\/i0.wp.com\/doctorfernando.cl\/wp-content\/uploads\/2022\/12\/Imagen2.jpg?resize=364%2C179&#038;ssl=1\" alt=\"\" class=\"wp-image-3488\" srcset=\"https:\/\/i0.wp.com\/doctorfernando.cl\/wp-content\/uploads\/2022\/12\/Imagen2.jpg?w=364&amp;ssl=1 364w, https:\/\/i0.wp.com\/doctorfernando.cl\/wp-content\/uploads\/2022\/12\/Imagen2.jpg?resize=300%2C148&amp;ssl=1 300w\" sizes=\"auto, (max-width: 364px) 100vw, 364px\" data-recalc-dims=\"1\" \/><\/figure>\n","protected":false},"excerpt":{"rendered":"<p>Hoy d\u00eda, la fiebre es el motivo de consulta m\u00e1s com\u00fan en pediatr\u00eda. Ello es explicable, por su estrecha relaci\u00f3n <\/p>\n<div class=\"read-more-text\"><a href=\"https:\/\/doctorfernando.cl\/index.php\/2022\/12\/21\/el-nino-esta-con-fiebre\/\" class=\"read-more\">Continuar leyendo<\/a><\/div>\n","protected":false},"author":1,"featured_media":0,"comment_status":"closed","ping_status":"closed","sticky":false,"template":"","format":"standard","meta":{"footnotes":""},"categories":[1],"tags":[],"class_list":["post-3484","post","type-post","status-publish","format-standard","hentry","category-el-doctor-lo-dijo"],"jetpack_featured_media_url":"","_links":{"self":[{"href":"https:\/\/doctorfernando.cl\/index.php\/wp-json\/wp\/v2\/posts\/3484","targetHints":{"allow":["GET"]}}],"collection":[{"href":"https:\/\/doctorfernando.cl\/index.php\/wp-json\/wp\/v2\/posts"}],"about":[{"href":"https:\/\/doctorfernando.cl\/index.php\/wp-json\/wp\/v2\/types\/post"}],"author":[{"embeddable":true,"href":"https:\/\/doctorfernando.cl\/index.php\/wp-json\/wp\/v2\/users\/1"}],"replies":[{"embeddable":true,"href":"https:\/\/doctorfernando.cl\/index.php\/wp-json\/wp\/v2\/comments?post=3484"}],"version-history":[{"count":1,"href":"https:\/\/doctorfernando.cl\/index.php\/wp-json\/wp\/v2\/posts\/3484\/revisions"}],"predecessor-version":[{"id":3489,"href":"https:\/\/doctorfernando.cl\/index.php\/wp-json\/wp\/v2\/posts\/3484\/revisions\/3489"}],"wp:attachment":[{"href":"https:\/\/doctorfernando.cl\/index.php\/wp-json\/wp\/v2\/media?parent=3484"}],"wp:term":[{"taxonomy":"category","embeddable":true,"href":"https:\/\/doctorfernando.cl\/index.php\/wp-json\/wp\/v2\/categories?post=3484"},{"taxonomy":"post_tag","embeddable":true,"href":"https:\/\/doctorfernando.cl\/index.php\/wp-json\/wp\/v2\/tags?post=3484"}],"curies":[{"name":"wp","href":"https:\/\/api.w.org\/{rel}","templated":true}]}}