{"id":3422,"date":"2022-12-11T10:07:01","date_gmt":"2022-12-11T13:07:01","guid":{"rendered":"https:\/\/doctorfernando.cl\/?p=3422"},"modified":"2022-12-12T14:36:41","modified_gmt":"2022-12-12T17:36:41","slug":"naneas","status":"publish","type":"post","link":"https:\/\/doctorfernando.cl\/index.php\/2022\/12\/11\/naneas\/","title":{"rendered":"NANEAS"},"content":{"rendered":"\n<p class=\"has-text-align-justify has-medium-font-size\">El t\u00e9rmino NANEAS<sup>#<\/sup> hace referencia a un grupo creciente de menores de 15 a\u00f1os con necesidades especiales de salud, &nbsp;debido a que tienen una condici\u00f3n o enfermedad cr\u00f3nica que los hace diferentes al resto de los ni\u00f1os.<\/p>\n\n\n\n<p class=\"has-text-align-justify has-medium-font-size\">En primer lugar, estos ni\u00f1os que ahora sobreviven y pueden alcanzar la edad adulta en condiciones muy aceptables de calidad de vida, lo logran gracias a los avances ininterrumpidos de la&nbsp; medicina en los \u00faltimos 50 a\u00f1os.<\/p>\n\n\n\n<figure class=\"wp-block-image size-full is-resized\"><img loading=\"lazy\" decoding=\"async\" src=\"https:\/\/i0.wp.com\/doctorfernando.cl\/wp-content\/uploads\/2022\/09\/43345740-xl_1425423_20190320204513.jpg?resize=443%2C380&#038;ssl=1\" alt=\"\" class=\"wp-image-3428\" width=\"443\" height=\"380\" srcset=\"https:\/\/i0.wp.com\/doctorfernando.cl\/wp-content\/uploads\/2022\/09\/43345740-xl_1425423_20190320204513.jpg?w=800&amp;ssl=1 800w, https:\/\/i0.wp.com\/doctorfernando.cl\/wp-content\/uploads\/2022\/09\/43345740-xl_1425423_20190320204513.jpg?resize=300%2C257&amp;ssl=1 300w, https:\/\/i0.wp.com\/doctorfernando.cl\/wp-content\/uploads\/2022\/09\/43345740-xl_1425423_20190320204513.jpg?resize=768%2C659&amp;ssl=1 768w\" sizes=\"auto, (max-width: 443px) 100vw, 443px\" data-recalc-dims=\"1\" \/><\/figure>\n\n\n\n<p class=\"has-text-align-justify has-medium-font-size\">En segundo lugar, no hubiera bastado con el fr\u00edo progreso cient\u00edfico y tecnol\u00f3gico de la medicina para sacar adelante a estos ni\u00f1os y j\u00f3venes, se ha requerido del impulso integrador de entender el contexto de estos pacientes con su bienestar psicol\u00f3gico y de la participaci\u00f3n activa de la familia y el apoyo de instituciones particulares y del Estado.<\/p>\n\n\n\n<p class=\"has-text-align-justify has-medium-font-size\">El \u00e9nfasis hay que colocarlo en las necesidades de salud de estos pacientes y no en la enfermedad cr\u00f3nica que subyace, &nbsp;est\u00e1tica. En estos pacientes coincide un grupo muy amplio condiciones especiales de salud. M\u00e1s que nombrarlas individualmente, conviene agruparlas por su deficiencia o afecci\u00f3n principal. &nbsp;Entre las m\u00e1s frecuentes est\u00e1n la insuficiencia respiratoria que necesita ox\u00edgeno permanente, las malformaciones card\u00edacas complejas, las dificultades severas en la degluci\u00f3n, las enfermedades renales que no curan, las alteraciones cromos\u00f3micas, &nbsp;los &nbsp;retrasos del desarrollo psicomotor y la diabetes infantil.<\/p>\n\n\n\n<figure class=\"wp-block-image size-full is-resized\"><img loading=\"lazy\" decoding=\"async\" src=\"https:\/\/i0.wp.com\/doctorfernando.cl\/wp-content\/uploads\/2022\/09\/2017-02-15_01-02-29___927.jpg?resize=443%2C298&#038;ssl=1\" alt=\"\" class=\"wp-image-3425\" width=\"443\" height=\"298\" srcset=\"https:\/\/i0.wp.com\/doctorfernando.cl\/wp-content\/uploads\/2022\/09\/2017-02-15_01-02-29___927.jpg?w=490&amp;ssl=1 490w, https:\/\/i0.wp.com\/doctorfernando.cl\/wp-content\/uploads\/2022\/09\/2017-02-15_01-02-29___927.jpg?resize=300%2C202&amp;ssl=1 300w\" sizes=\"auto, (max-width: 443px) 100vw, 443px\" data-recalc-dims=\"1\" \/><\/figure>\n\n\n\n<p class=\"has-text-align-justify has-medium-font-size\">Con s\u00f3lo revisar la enumeraci\u00f3n se desprende la necesidad de un manejo multidisciplinario. &nbsp;con un m\u00e9dico tratante, que se encarga del problema central, m\u00e9dicos co-tratantes y un equipo de inter consultores, donde juegan un papel relevante kinesi\u00f3logos, fonoaudi\u00f3logos, terapeutas ocupacionales y otros profesionales.<\/p>\n\n\n\n<p class=\"has-text-align-justify has-medium-font-size\">El apoyo y cooperaci\u00f3n de la familia es fundamenta para estos pacientes. Tal vez sea la \u00fanica situaci\u00f3n cl\u00ednica en que los padres o el cuidador (a) tengan tanta o m\u00e1s trascendencia que el propio paciente.&nbsp; Es en esta familia, probada al sortear acertadamente sentimientos tan complejos como la &nbsp;incredulidad, el rechazo y la culpa, la que finalmente trasciende hacia la participaci\u00f3n activa y adquiere caracter\u00edsticas muy din\u00e1micas al irse adaptando a las condiciones cl\u00ednicas cambiantes en estos ni\u00f1os \u00ab&nbsp;cr\u00f3nicos&nbsp;\u00bb. &nbsp;Lo se\u00f1alado anteriormente resulta muy bonito al leerlo, pero en la pr\u00e1ctica es la madre quien brinda el apoyo fundamental, con tiempo y recursos econ\u00f3micos siempre insuficientes. Esta, se siente dispuesta a renunciar a todo para &nbsp;cuidar a su hijo amorosamente.<\/p>\n\n\n\n<figure class=\"wp-block-image size-large is-resized\"><img loading=\"lazy\" decoding=\"async\" src=\"https:\/\/i0.wp.com\/doctorfernando.cl\/wp-content\/uploads\/2022\/09\/Teleton-1.jpg?resize=443%2C296&#038;ssl=1\" alt=\"\" class=\"wp-image-3426\" width=\"443\" height=\"296\" srcset=\"https:\/\/i0.wp.com\/doctorfernando.cl\/wp-content\/uploads\/2022\/09\/Teleton-1-scaled.jpg?resize=1024%2C684&amp;ssl=1 1024w, https:\/\/i0.wp.com\/doctorfernando.cl\/wp-content\/uploads\/2022\/09\/Teleton-1-scaled.jpg?resize=300%2C200&amp;ssl=1 300w, https:\/\/i0.wp.com\/doctorfernando.cl\/wp-content\/uploads\/2022\/09\/Teleton-1-scaled.jpg?resize=768%2C513&amp;ssl=1 768w, https:\/\/i0.wp.com\/doctorfernando.cl\/wp-content\/uploads\/2022\/09\/Teleton-1-scaled.jpg?resize=1536%2C1025&amp;ssl=1 1536w, https:\/\/i0.wp.com\/doctorfernando.cl\/wp-content\/uploads\/2022\/09\/Teleton-1-scaled.jpg?resize=2048%2C1367&amp;ssl=1 2048w, https:\/\/i0.wp.com\/doctorfernando.cl\/wp-content\/uploads\/2022\/09\/Teleton-1-scaled.jpg?w=1280&amp;ssl=1 1280w, https:\/\/i0.wp.com\/doctorfernando.cl\/wp-content\/uploads\/2022\/09\/Teleton-1-scaled.jpg?w=1920&amp;ssl=1 1920w\" sizes=\"auto, (max-width: 443px) 100vw, 443px\" data-recalc-dims=\"1\" \/><\/figure>\n\n\n\n<p class=\"has-text-align-justify has-medium-font-size\">Las instituciones de proyecci\u00f3n nacional se han ido permeando a esta realidad desde hace ya m\u00e1s de 40 a\u00f1os. La telet\u00f3n fue la primera al dedicarse a la rehabilitaci\u00f3n integral de ni\u00f1os, ni\u00f1as y j\u00f3venes con discapacidad motora desde 1978. En el a\u00f1o 2006 cuando entr\u00f3 en vigencia el AUGE \/ GES, se incorporaron 2 cl\u00e1sicos ejemplos de NANEAS, las cardiopat\u00edas cong\u00e9nitas operables y la diabetes tipo I en menores de 15 a\u00f1os, haciendo exigible su tratamiento a las ISAPRES. M\u00e1s tarde, en el a\u00f1o 2014 el Programa Nacional de Salud de la Infancia agrupa en una sola norma una serie de acciones dispersas para el manejo ambulatorio de ni\u00f1os con patolog\u00edas cr\u00f3nicas de baja complejidad, facilitando su tratamiento ambulatorio integral.&nbsp;<\/p>\n\n\n\n<p class=\"has-medium-font-size\"><strong><sup>#<\/sup> NANEAS&nbsp;: ni\u00f1os y adolescentes con necesidades especiales de salud.<\/strong><\/p>\n","protected":false},"excerpt":{"rendered":"<p>El t\u00e9rmino NANEAS# hace referencia a un grupo creciente de menores de 15 a\u00f1os con necesidades especiales de salud, &nbsp;debido <\/p>\n<div class=\"read-more-text\"><a href=\"https:\/\/doctorfernando.cl\/index.php\/2022\/12\/11\/naneas\/\" class=\"read-more\">Continuar leyendo<\/a><\/div>\n","protected":false},"author":1,"featured_media":0,"comment_status":"closed","ping_status":"closed","sticky":false,"template":"","format":"standard","meta":{"footnotes":""},"categories":[1],"tags":[],"class_list":["post-3422","post","type-post","status-publish","format-standard","hentry","category-el-doctor-lo-dijo"],"jetpack_featured_media_url":"","_links":{"self":[{"href":"https:\/\/doctorfernando.cl\/index.php\/wp-json\/wp\/v2\/posts\/3422","targetHints":{"allow":["GET"]}}],"collection":[{"href":"https:\/\/doctorfernando.cl\/index.php\/wp-json\/wp\/v2\/posts"}],"about":[{"href":"https:\/\/doctorfernando.cl\/index.php\/wp-json\/wp\/v2\/types\/post"}],"author":[{"embeddable":true,"href":"https:\/\/doctorfernando.cl\/index.php\/wp-json\/wp\/v2\/users\/1"}],"replies":[{"embeddable":true,"href":"https:\/\/doctorfernando.cl\/index.php\/wp-json\/wp\/v2\/comments?post=3422"}],"version-history":[{"count":2,"href":"https:\/\/doctorfernando.cl\/index.php\/wp-json\/wp\/v2\/posts\/3422\/revisions"}],"predecessor-version":[{"id":3429,"href":"https:\/\/doctorfernando.cl\/index.php\/wp-json\/wp\/v2\/posts\/3422\/revisions\/3429"}],"wp:attachment":[{"href":"https:\/\/doctorfernando.cl\/index.php\/wp-json\/wp\/v2\/media?parent=3422"}],"wp:term":[{"taxonomy":"category","embeddable":true,"href":"https:\/\/doctorfernando.cl\/index.php\/wp-json\/wp\/v2\/categories?post=3422"},{"taxonomy":"post_tag","embeddable":true,"href":"https:\/\/doctorfernando.cl\/index.php\/wp-json\/wp\/v2\/tags?post=3422"}],"curies":[{"name":"wp","href":"https:\/\/api.w.org\/{rel}","templated":true}]}}